{"id":3737,"date":"2025-07-19T00:14:43","date_gmt":"2025-07-18T22:14:43","guid":{"rendered":"https:\/\/periodicolarepublica.com\/?p=3737"},"modified":"2025-07-19T00:14:43","modified_gmt":"2025-07-18T22:14:43","slug":"edeeste-denuncia-por-segunda-ocasion-desconocidos-vandalizan-medidores-en-quisqueya","status":"publish","type":"post","link":"https:\/\/periodicolarepublica.com\/index.php\/2025\/07\/19\/edeeste-denuncia-por-segunda-ocasion-desconocidos-vandalizan-medidores-en-quisqueya\/","title":{"rendered":"Edeeste denuncia por segunda ocasi\u00f3n desconocidos vandalizan medidores en Quisqueya"},"content":{"rendered":"<p>Quisqueya, San Pedro de Macor\u00eds. \u2013 La Empresa Distribuidora de Electricidad del Este (Edeeste) denunci\u00f3 hoy que por segunda ocasi\u00f3n fueron vandalizados los medidores de diversas residencias, comercios y negocios del municipio Quisqueya, provincia San Pedro de Macor\u00eds.<\/p>\n<p>&nbsp;<\/p>\n<p>La empresa distribuidora manifest\u00f3 que en horas de la madrugada del pasado jueves 17 de julio, desconocidos vandalizaron los medidores que hab\u00edan sido reci\u00e9n instalados en los principales establecimientos de la arteria comercial del referido municipio.<\/p>\n<p>&nbsp;<\/p>\n<p>A trav\u00e9s de un levantamiento por parte del personal de Edeeste correspondientes a las \u00e1reas de p\u00e9rdidas, comercial y seguridad f\u00edsica, en conjunto con un notario, se determin\u00f3 que 40 medidores fueron destruidos.<\/p>\n<p>&nbsp;<\/p>\n<p>Edeeste puntualiz\u00f3 que dentro de los equipos afectados destacan casos como el de un casino, bancas Loteka, el Ayuntamiento Municipal de Quisqueya y el hospital Central de Quisqueya, entre otros grandes consumidores, que de continuar conectados de forma directa al sistema representar\u00edan una carga insostenible para el Estado y la empresa.<\/p>\n<p>&nbsp;<\/p>\n<p>Se recuerda que la semana pasada la distribuidora tambi\u00e9n denunci\u00f3 que desaprensivos destruyeron una gran cantidad de medidores que hab\u00edan sido instalados recientemente para poder generar la facturaci\u00f3n real de sus clientes en el municipio de Quisqueya.<\/p>\n<p>&nbsp;<\/p>\n<p>En ese sentido, Edeeste adelant\u00f3 que se encuentra coordinando con las autoridades policiales y del Ministerio P\u00fablico para realizar las investigaciones de lugar y dar con los responsables para proceder con el debido sometimiento ante la justicia ya que esto constituye una violaci\u00f3n a la Ley General de Electricidad 125-01.<\/p>\n<p>&nbsp;<\/p>\n<p>La empresa reafirma su compromiso con la mejora continua del servicio el\u00e9ctrico, mediante inversiones en infraestructura moderna, segura y confiable, sin embargo, resalt\u00f3 que para alcanzar una transformaci\u00f3n real y sostenible del sistema el\u00e9ctrico requiere del compromiso de todos.<\/p>\n<p>&nbsp;<\/p>\n<p>&nbsp;<\/p>\n<p>Edeeste llam\u00f3 a los residentes en Quisqueya, San Pedro de Macor\u00eds a respaldar las acciones de eliminaci\u00f3n de conexiones ilegales, la normalizaci\u00f3n de servicios de alto consumo y la incorporaci\u00f3n de nuevos clientes, siendo estos fundamentales para propiciar un servicio \u00f3ptimo a toda la comunidad.<img loading=\"lazy\" decoding=\"async\" class=\"size-medium wp-image-3627 alignright\" src=\"https:\/\/periodicolarepublica.com\/wp-content\/uploads\/2025\/07\/IMG_20250709_142341-300x174.jpg\" alt=\"\" width=\"300\" height=\"174\" srcset=\"https:\/\/periodicolarepublica.com\/wp-content\/uploads\/2025\/07\/IMG_20250709_142341-300x174.jpg?v=1752085805 300w, https:\/\/periodicolarepublica.com\/wp-content\/uploads\/2025\/07\/IMG_20250709_142341-150x87.jpg?v=1752085805 150w, https:\/\/periodicolarepublica.com\/wp-content\/uploads\/2025\/07\/IMG_20250709_142341.jpg?v=1752085805 413w\" sizes=\"auto, (max-width: 300px) 100vw, 300px\" \/><\/p>\n","protected":false},"excerpt":{"rendered":"<p>Quisqueya, San Pedro de Macor\u00eds. \u2013 La Empresa Distribuidora de Electricidad del Este (Edeeste) denunci\u00f3 hoy que por segunda ocasi\u00f3n fueron vandalizados los medidores de diversas residencias, comercios y negocios del municipio Quisqueya, provincia San Pedro de Macor\u00eds. &nbsp; La empresa distribuidora manifest\u00f3 que en horas de la madrugada del pasado jueves 17 de julio, [&hellip;]<\/p>\n","protected":false},"author":10,"featured_media":3627,"comment_status":"open","ping_status":"open","sticky":false,"template":"","format":"standard","meta":{"om_disable_all_campaigns":false,"_monsterinsights_skip_tracking":false,"_monsterinsights_sitenote_active":false,"_monsterinsights_sitenote_note":"","_monsterinsights_sitenote_category":0,"footnotes":""},"categories":[1],"tags":[],"class_list":{"0":"post-3737","1":"post","2":"type-post","3":"status-publish","4":"format-standard","5":"has-post-thumbnail","7":"category-nacionales"},"aioseo_notices":[],"_links":{"self":[{"href":"https:\/\/periodicolarepublica.com\/index.php\/wp-json\/wp\/v2\/posts\/3737","targetHints":{"allow":["GET"]}}],"collection":[{"href":"https:\/\/periodicolarepublica.com\/index.php\/wp-json\/wp\/v2\/posts"}],"about":[{"href":"https:\/\/periodicolarepublica.com\/index.php\/wp-json\/wp\/v2\/types\/post"}],"author":[{"embeddable":true,"href":"https:\/\/periodicolarepublica.com\/index.php\/wp-json\/wp\/v2\/users\/10"}],"replies":[{"embeddable":true,"href":"https:\/\/periodicolarepublica.com\/index.php\/wp-json\/wp\/v2\/comments?post=3737"}],"version-history":[{"count":1,"href":"https:\/\/periodicolarepublica.com\/index.php\/wp-json\/wp\/v2\/posts\/3737\/revisions"}],"predecessor-version":[{"id":3738,"href":"https:\/\/periodicolarepublica.com\/index.php\/wp-json\/wp\/v2\/posts\/3737\/revisions\/3738"}],"wp:featuredmedia":[{"embeddable":true,"href":"https:\/\/periodicolarepublica.com\/index.php\/wp-json\/wp\/v2\/media\/3627"}],"wp:attachment":[{"href":"https:\/\/periodicolarepublica.com\/index.php\/wp-json\/wp\/v2\/media?parent=3737"}],"wp:term":[{"taxonomy":"category","embeddable":true,"href":"https:\/\/periodicolarepublica.com\/index.php\/wp-json\/wp\/v2\/categories?post=3737"},{"taxonomy":"post_tag","embeddable":true,"href":"https:\/\/periodicolarepublica.com\/index.php\/wp-json\/wp\/v2\/tags?post=3737"}],"curies":[{"name":"wp","href":"https:\/\/api.w.org\/{rel}","templated":true}]}}