{"id":3741,"date":"2025-07-20T18:40:22","date_gmt":"2025-07-20T16:40:22","guid":{"rendered":"https:\/\/periodicolarepublica.com\/?p=3741"},"modified":"2025-07-20T18:40:22","modified_gmt":"2025-07-20T16:40:22","slug":"tomas-hernandez-alberto-desenmascara-a-la-oposicion-por-manipular-el-tema-del-jardin-botanico","status":"publish","type":"post","link":"https:\/\/periodicolarepublica.com\/index.php\/2025\/07\/20\/tomas-hernandez-alberto-desenmascara-a-la-oposicion-por-manipular-el-tema-del-jardin-botanico\/","title":{"rendered":"\u00abTom\u00e1s Hern\u00e1ndez Alberto desenmascara a la oposici\u00f3n por manipular el tema del Jard\u00edn Bot\u00e1nico\u00bb"},"content":{"rendered":"<p>Santo Domingo, R.D. \u2013 El dirigente pol\u00edtico y miembro destacado del Partido Revolucionario Moderno (PRM), ingeniero Tom\u00e1s Hern\u00e1ndez Alberto, presidente del movimiento Poder P\u2019al Pueblo, acus\u00f3 este domingo a sectores de la oposici\u00f3n de intentar confundir a la poblaci\u00f3n utilizando el tema del Jard\u00edn Bot\u00e1nico como herramienta de distracci\u00f3n medi\u00e1tica.<\/p>\n<p>&nbsp;<\/p>\n<p>Durante declaraciones ofrecidas tras una protesta pac\u00edfica registrada en las inmediaciones del Jard\u00edn Bot\u00e1nico Nacional, Hern\u00e1ndez Alberto se\u00f1al\u00f3 que miembros vinculados a la operaci\u00f3n pol\u00edtica de la oposici\u00f3n estuvieron presentes en dicha manifestaci\u00f3n, la cual seg\u00fan afirm\u00f3 responde a intereses particulares y no a una verdadera preocupaci\u00f3n ambiental.<\/p>\n<p>&nbsp;<\/p>\n<p>\u201cEl gobierno del presidente Luis Abinader no est\u00e1 solo. Si tenemos que salir, tambi\u00e9n saldremos a defender con la verdad y con hechos el compromiso de esta gesti\u00f3n con el medio ambiente y el desarrollo urbano sostenible\u201d, expres\u00f3 el dirigente.<\/p>\n<p>&nbsp;<\/p>\n<p>Asegur\u00f3 que el actual gobierno est\u00e1 trabajando en una soluci\u00f3n que garantice una mejor\u00eda en el tr\u00e1nsito vehicular de la zona, sin afectar la integridad del Jard\u00edn Bot\u00e1nico ni su biodiversidad. \u201cAqu\u00ed no ha habido ni habr\u00e1 un presidente que cuide m\u00e1s el medio ambiente que Luis Abinader. Su visi\u00f3n ha sido clara: desarrollo s\u00ed, pero siempre con sostenibilidad\u201d, puntualiz\u00f3.<img loading=\"lazy\" decoding=\"async\" class=\"size-medium wp-image-2832 alignright\" src=\"https:\/\/periodicolarepublica.com\/wp-content\/uploads\/2025\/03\/IMG_20250309_160456-300x201.jpg\" alt=\"\" width=\"300\" height=\"201\" srcset=\"https:\/\/periodicolarepublica.com\/wp-content\/uploads\/2025\/03\/IMG_20250309_160456-300x201.jpg?v=1741565615 300w, https:\/\/periodicolarepublica.com\/wp-content\/uploads\/2025\/03\/IMG_20250309_160456-1024x687.jpg?v=1741565615 1024w, https:\/\/periodicolarepublica.com\/wp-content\/uploads\/2025\/03\/IMG_20250309_160456-768x515.jpg?v=1741565615 768w, https:\/\/periodicolarepublica.com\/wp-content\/uploads\/2025\/03\/IMG_20250309_160456-1536x1030.jpg?v=1741565615 1536w, https:\/\/periodicolarepublica.com\/wp-content\/uploads\/2025\/03\/IMG_20250309_160456-2048x1374.jpg?v=1741565615 2048w, https:\/\/periodicolarepublica.com\/wp-content\/uploads\/2025\/03\/IMG_20250309_160456-150x101.jpg?v=1741565615 150w, https:\/\/periodicolarepublica.com\/wp-content\/uploads\/2025\/03\/IMG_20250309_160456-600x403.jpg?v=1741565615 600w, https:\/\/periodicolarepublica.com\/wp-content\/uploads\/2025\/03\/IMG_20250309_160456-696x467.jpg?v=1741565615 696w, https:\/\/periodicolarepublica.com\/wp-content\/uploads\/2025\/03\/IMG_20250309_160456-1392x934.jpg?v=1741565615 1392w, https:\/\/periodicolarepublica.com\/wp-content\/uploads\/2025\/03\/IMG_20250309_160456-1068x716.jpg?v=1741565615 1068w, https:\/\/periodicolarepublica.com\/wp-content\/uploads\/2025\/03\/IMG_20250309_160456-1920x1288.jpg?v=1741565615 1920w\" sizes=\"auto, (max-width: 300px) 100vw, 300px\" \/><\/p>\n","protected":false},"excerpt":{"rendered":"<p>Santo Domingo, R.D. \u2013 El dirigente pol\u00edtico y miembro destacado del Partido Revolucionario Moderno (PRM), ingeniero Tom\u00e1s Hern\u00e1ndez Alberto, presidente del movimiento Poder P\u2019al Pueblo, acus\u00f3 este domingo a sectores de la oposici\u00f3n de intentar confundir a la poblaci\u00f3n utilizando el tema del Jard\u00edn Bot\u00e1nico como herramienta de distracci\u00f3n medi\u00e1tica. &nbsp; Durante declaraciones ofrecidas tras [&hellip;]<\/p>\n","protected":false},"author":10,"featured_media":2832,"comment_status":"open","ping_status":"open","sticky":false,"template":"","format":"standard","meta":{"om_disable_all_campaigns":false,"_monsterinsights_skip_tracking":false,"_monsterinsights_sitenote_active":false,"_monsterinsights_sitenote_note":"","_monsterinsights_sitenote_category":0,"footnotes":""},"categories":[1],"tags":[163],"class_list":{"0":"post-3741","1":"post","2":"type-post","3":"status-publish","4":"format-standard","5":"has-post-thumbnail","7":"category-nacionales","8":"tag-tomas-hernandez-alberto"},"aioseo_notices":[],"_links":{"self":[{"href":"https:\/\/periodicolarepublica.com\/index.php\/wp-json\/wp\/v2\/posts\/3741","targetHints":{"allow":["GET"]}}],"collection":[{"href":"https:\/\/periodicolarepublica.com\/index.php\/wp-json\/wp\/v2\/posts"}],"about":[{"href":"https:\/\/periodicolarepublica.com\/index.php\/wp-json\/wp\/v2\/types\/post"}],"author":[{"embeddable":true,"href":"https:\/\/periodicolarepublica.com\/index.php\/wp-json\/wp\/v2\/users\/10"}],"replies":[{"embeddable":true,"href":"https:\/\/periodicolarepublica.com\/index.php\/wp-json\/wp\/v2\/comments?post=3741"}],"version-history":[{"count":1,"href":"https:\/\/periodicolarepublica.com\/index.php\/wp-json\/wp\/v2\/posts\/3741\/revisions"}],"predecessor-version":[{"id":3742,"href":"https:\/\/periodicolarepublica.com\/index.php\/wp-json\/wp\/v2\/posts\/3741\/revisions\/3742"}],"wp:featuredmedia":[{"embeddable":true,"href":"https:\/\/periodicolarepublica.com\/index.php\/wp-json\/wp\/v2\/media\/2832"}],"wp:attachment":[{"href":"https:\/\/periodicolarepublica.com\/index.php\/wp-json\/wp\/v2\/media?parent=3741"}],"wp:term":[{"taxonomy":"category","embeddable":true,"href":"https:\/\/periodicolarepublica.com\/index.php\/wp-json\/wp\/v2\/categories?post=3741"},{"taxonomy":"post_tag","embeddable":true,"href":"https:\/\/periodicolarepublica.com\/index.php\/wp-json\/wp\/v2\/tags?post=3741"}],"curies":[{"name":"wp","href":"https:\/\/api.w.org\/{rel}","templated":true}]}}