{"id":3743,"date":"2025-07-20T20:11:26","date_gmt":"2025-07-20T18:11:26","guid":{"rendered":"https:\/\/periodicolarepublica.com\/?p=3743"},"modified":"2025-07-20T20:11:26","modified_gmt":"2025-07-20T18:11:26","slug":"asdn-realiza-dia-canino-con-norte-y-sus-amigos","status":"publish","type":"post","link":"https:\/\/periodicolarepublica.com\/index.php\/2025\/07\/20\/asdn-realiza-dia-canino-con-norte-y-sus-amigos\/","title":{"rendered":"ASDN realiza \u00abD\u00eda canino con Norte y sus amigos\u00bb"},"content":{"rendered":"<p><img loading=\"lazy\" decoding=\"async\" class=\"size-medium wp-image-3744 alignright\" src=\"https:\/\/periodicolarepublica.com\/wp-content\/uploads\/2025\/07\/IMG-20250720-WA0436-e1753035063103-300x210.jpg\" alt=\"\" width=\"300\" height=\"210\" srcset=\"https:\/\/periodicolarepublica.com\/wp-content\/uploads\/2025\/07\/IMG-20250720-WA0436-e1753035063103-300x210.jpg?v=1753035029 300w, https:\/\/periodicolarepublica.com\/wp-content\/uploads\/2025\/07\/IMG-20250720-WA0436-e1753035063103-150x105.jpg?v=1753035029 150w, https:\/\/periodicolarepublica.com\/wp-content\/uploads\/2025\/07\/IMG-20250720-WA0436-e1753035063103-100x70.jpg?v=1753035029 100w, https:\/\/periodicolarepublica.com\/wp-content\/uploads\/2025\/07\/IMG-20250720-WA0436-e1753035063103-200x140.jpg?v=1753035029 200w, https:\/\/periodicolarepublica.com\/wp-content\/uploads\/2025\/07\/IMG-20250720-WA0436-e1753035063103.jpg?v=1753035029 568w\" sizes=\"auto, (max-width: 300px) 100vw, 300px\" \/>Animales ser\u00e1n inclu\u00eddos en La Alcald\u00eda en el Barrio<\/p>\n<p>&nbsp;<\/p>\n<p>Santo Domingo Norte, R.D.- La Alcald\u00eda de Santo Domingo Norte (ASDN) realiz\u00f3 una jornada de actividades dedicada a las mascotas de la casa, denominada \u00abD\u00eda canino con Norte y sus amigos\u00bb.<\/p>\n<p>&nbsp;<\/p>\n<p>Betty Ger\u00f3nimo, titular del cabildo, encabez\u00f3 el encuentro junto a Norte, la mascota de la Alcald\u00eda, donde los mun\u00edcipes jugaron, corrieron y compartieron junto a sus compa\u00f1eros peludos.<\/p>\n<p>&nbsp;<\/p>\n<p>Ger\u00f3nimo indic\u00f3 que con este tipo de iniciativas, desde la Alcald\u00eda se busca promover el amor y la uni\u00f3n familiar, de la que los animales son parte.<\/p>\n<p>&nbsp;<\/p>\n<p>\u00abDesde all\u00ed, desde la familia es que inicia el amor y hay que ense\u00f1arles a nuestros familiares a cuidarlos, protegerlos, no maltratarlos y darle mucho cari\u00f1o. Tambi\u00e9n esta parte de la salud mental, que tanto nos est\u00e1 afectando, son parte muy importante\u00bb, dijo la edil.<\/p>\n<p>&nbsp;<\/p>\n<p>Se\u00f1al\u00f3 que incluir\u00e1n a los animalitos en el operativo \u00abLa Alcald\u00eda en el Barrio\u00bb, con jornadas de vacunaci\u00f3n, desparasitaci\u00f3n y otros.<\/p>\n<p>&nbsp;<\/p>\n<p>En tanto, Vinicio Coco, administrador general del Parque Mirador Norte, donde se realiz\u00f3 el evento, anunci\u00f3 que habilitar\u00e1n un espacio para que los mun\u00edcipes puedan caminar con sus mascotas.<\/p>\n<p>&nbsp;<\/p>\n<p>Los asistentes tambi\u00e9n disfrutaron de brindis, rifas, sorpresas, concursos y regalos para sus animalitos.<\/p>\n<p>&nbsp;<\/p>\n<p>La actividad tambi\u00e9n cont\u00f3 con la asistencia de regidores, entre ellos Alberto Le\u00f3nidas Tejeda, presidente de la Sala Capitular de Santo Domingo Norte.<\/p>\n","protected":false},"excerpt":{"rendered":"<p>Animales ser\u00e1n inclu\u00eddos en La Alcald\u00eda en el Barrio &nbsp; Santo Domingo Norte, R.D.- La Alcald\u00eda de Santo Domingo Norte (ASDN) realiz\u00f3 una jornada de actividades dedicada a las mascotas de la casa, denominada \u00abD\u00eda canino con Norte y sus amigos\u00bb. &nbsp; Betty Ger\u00f3nimo, titular del cabildo, encabez\u00f3 el encuentro junto a Norte, la mascota [&hellip;]<\/p>\n","protected":false},"author":10,"featured_media":3744,"comment_status":"open","ping_status":"open","sticky":false,"template":"","format":"standard","meta":{"om_disable_all_campaigns":false,"_monsterinsights_skip_tracking":false,"_monsterinsights_sitenote_active":false,"_monsterinsights_sitenote_note":"","_monsterinsights_sitenote_category":0,"footnotes":""},"categories":[1],"tags":[],"class_list":{"0":"post-3743","1":"post","2":"type-post","3":"status-publish","4":"format-standard","5":"has-post-thumbnail","7":"category-nacionales"},"aioseo_notices":[],"_links":{"self":[{"href":"https:\/\/periodicolarepublica.com\/index.php\/wp-json\/wp\/v2\/posts\/3743","targetHints":{"allow":["GET"]}}],"collection":[{"href":"https:\/\/periodicolarepublica.com\/index.php\/wp-json\/wp\/v2\/posts"}],"about":[{"href":"https:\/\/periodicolarepublica.com\/index.php\/wp-json\/wp\/v2\/types\/post"}],"author":[{"embeddable":true,"href":"https:\/\/periodicolarepublica.com\/index.php\/wp-json\/wp\/v2\/users\/10"}],"replies":[{"embeddable":true,"href":"https:\/\/periodicolarepublica.com\/index.php\/wp-json\/wp\/v2\/comments?post=3743"}],"version-history":[{"count":1,"href":"https:\/\/periodicolarepublica.com\/index.php\/wp-json\/wp\/v2\/posts\/3743\/revisions"}],"predecessor-version":[{"id":3745,"href":"https:\/\/periodicolarepublica.com\/index.php\/wp-json\/wp\/v2\/posts\/3743\/revisions\/3745"}],"wp:featuredmedia":[{"embeddable":true,"href":"https:\/\/periodicolarepublica.com\/index.php\/wp-json\/wp\/v2\/media\/3744"}],"wp:attachment":[{"href":"https:\/\/periodicolarepublica.com\/index.php\/wp-json\/wp\/v2\/media?parent=3743"}],"wp:term":[{"taxonomy":"category","embeddable":true,"href":"https:\/\/periodicolarepublica.com\/index.php\/wp-json\/wp\/v2\/categories?post=3743"},{"taxonomy":"post_tag","embeddable":true,"href":"https:\/\/periodicolarepublica.com\/index.php\/wp-json\/wp\/v2\/tags?post=3743"}],"curies":[{"name":"wp","href":"https:\/\/api.w.org\/{rel}","templated":true}]}}