{"id":3746,"date":"2025-07-21T21:42:32","date_gmt":"2025-07-21T19:42:32","guid":{"rendered":"https:\/\/periodicolarepublica.com\/?p=3746"},"modified":"2025-07-21T21:42:32","modified_gmt":"2025-07-21T19:42:32","slug":"index-lanza-con-exito-la-iniciativa-un-cafecito-con-la-comunidad-para-escuchar-a-los-dominicanos-en-el-extranjero","status":"publish","type":"post","link":"https:\/\/periodicolarepublica.com\/index.php\/2025\/07\/21\/index-lanza-con-exito-la-iniciativa-un-cafecito-con-la-comunidad-para-escuchar-a-los-dominicanos-en-el-extranjero\/","title":{"rendered":"INDEX lanza con \u00e9xito la iniciativa \u201cUn Cafecito con la Comunidad\u201d para escuchar a los dominicanos en el extranjero"},"content":{"rendered":"<p>En m\u00e1s de 13 ciudades del exterior, la viceministra y directora del INDEX, la embajadora Celin\u00e9s Toribio, ha podido palpar muy de cerca las necesidades de la di\u00e1spora<\/p>\n<p>&nbsp;<\/p>\n<p>SANTO DOMINGO.- El Instituto de Dominicanos y Dominicanas en el Exterior (INDEX) celebr\u00f3 la acogida de la iniciativa \u201cUn Cafecito con la Comunidad\u201d, una plataforma que busca escuchar a las comunidades dominicanas en el extranjero a trav\u00e9s de asociaciones y movimientos c\u00edvicos, con la finalidad de poner el o\u00eddo en el coraz\u00f3n del pueblo y conocer sus necesidades.<\/p>\n<p>&nbsp;<\/p>\n<p>Desde su implementaci\u00f3n esta iniciativa ha logrado impactar a m\u00e1s de 800 asociaciones y l\u00edderes comunitarios en ciudades como Nueva York, Nueva Jersey, Boston, Rhode Island, Lawrence, Miami, Orlando, Washington, Panam\u00e1, Puerto Rico, Madrid, Valencia y Barcelona.<\/p>\n<p>&nbsp;<\/p>\n<p>\u201cHemos creado &#8216;El Cafecito con la Comunidad&#8217; como la manera m\u00e1s directa y cercana de escuchar y acompa\u00f1ar a nuestras comunidades en el exterior. Nos sentimos los responsables de que la di\u00e1spora comunique, a trav\u00e9s de nosotros, todas sus necesidades, y que seamos ese lazo de unidad entre los de aqu\u00ed y los de all\u00e1\u201d, sostuvo Toribio.<\/p>\n<p>&nbsp;<\/p>\n<p>Cabe destacar que este enfoque facilita la elaboraci\u00f3n de un plan estrat\u00e9gico para que el instituto siga creando mecanismos cercanos para atender las necesidades de los todos los dominicanos en el exterior.<\/p>\n<p>&nbsp;<\/p>\n<p>\u201cDesde que llegamos lo ten\u00edamos claro, la misi\u00f3n encomendada por nuestro excelent\u00edsimo se\u00f1or presidente, Luis Abinader, es la de proteger, acompa\u00f1ar, promover y resaltar lo que son nuestros connacionales en el exterior. Una de las maneras m\u00e1s eficaz de celebrarlos a todos y de seguir fomentado nuestra identidad es a trav\u00e9s de los diferentes programas educativos que hemos logrado, as\u00ed como tambi\u00e9n mediante la organizaci\u00f3n de eventos y apoyo a las ideas de nuestra gente fuera del pa\u00eds. Nuestra misi\u00f3n apenas comienza\u201d, coment\u00f3 entusiasmada Celin\u00e9s Toribio.<\/p>\n<p>&nbsp;<\/p>\n<p>Toribio resalt\u00f3 que, desde su designaci\u00f3n como viceministra a mediados de febrero de este a\u00f1o, ella y todo su equipo, a trav\u00e9s de actividades, han impactado a m\u00e1s de 30,000 dominicanos y dominicanas en el exterior por medio de iniciativas del INDEX con actividades deportivas, comunitarias y culturales, as\u00ed como por alianzas estrat\u00e9gicas para ideas de formaci\u00f3n educativa en el extranjero, mediante convenios firmados con la Universidad del ISTMO de Panam\u00e1 o con el Centro de Estudios Financieros (CEF) de Madrid.<img loading=\"lazy\" decoding=\"async\" class=\"size-medium wp-image-3747 alignright\" src=\"https:\/\/periodicolarepublica.com\/wp-content\/uploads\/2025\/07\/IMG-20250721-WA0467-300x207.jpg\" alt=\"\" width=\"300\" height=\"207\" srcset=\"https:\/\/periodicolarepublica.com\/wp-content\/uploads\/2025\/07\/IMG-20250721-WA0467-300x207.jpg?v=1753126856 300w, https:\/\/periodicolarepublica.com\/wp-content\/uploads\/2025\/07\/IMG-20250721-WA0467-1024x707.jpg?v=1753126856 1024w, https:\/\/periodicolarepublica.com\/wp-content\/uploads\/2025\/07\/IMG-20250721-WA0467-768x530.jpg?v=1753126856 768w, https:\/\/periodicolarepublica.com\/wp-content\/uploads\/2025\/07\/IMG-20250721-WA0467-1536x1061.jpg?v=1753126856 1536w, https:\/\/periodicolarepublica.com\/wp-content\/uploads\/2025\/07\/IMG-20250721-WA0467-150x104.jpg?v=1753126856 150w, https:\/\/periodicolarepublica.com\/wp-content\/uploads\/2025\/07\/IMG-20250721-WA0467-218x150.jpg?v=1753126856 218w, https:\/\/periodicolarepublica.com\/wp-content\/uploads\/2025\/07\/IMG-20250721-WA0467-436x300.jpg?v=1753126856 436w, https:\/\/periodicolarepublica.com\/wp-content\/uploads\/2025\/07\/IMG-20250721-WA0467-600x414.jpg?v=1753126856 600w, https:\/\/periodicolarepublica.com\/wp-content\/uploads\/2025\/07\/IMG-20250721-WA0467-696x481.jpg?v=1753126856 696w, https:\/\/periodicolarepublica.com\/wp-content\/uploads\/2025\/07\/IMG-20250721-WA0467-1392x961.jpg?v=1753126856 1392w, https:\/\/periodicolarepublica.com\/wp-content\/uploads\/2025\/07\/IMG-20250721-WA0467-1068x738.jpg?v=1753126856 1068w, https:\/\/periodicolarepublica.com\/wp-content\/uploads\/2025\/07\/IMG-20250721-WA0467-100x70.jpg?v=1753126856 100w, https:\/\/periodicolarepublica.com\/wp-content\/uploads\/2025\/07\/IMG-20250721-WA0467.jpg?v=1753126856 1600w\" sizes=\"auto, (max-width: 300px) 100vw, 300px\" \/><\/p>\n","protected":false},"excerpt":{"rendered":"<p>En m\u00e1s de 13 ciudades del exterior, la viceministra y directora del INDEX, la embajadora Celin\u00e9s Toribio, ha podido palpar muy de cerca las necesidades de la di\u00e1spora &nbsp; SANTO DOMINGO.- El Instituto de Dominicanos y Dominicanas en el Exterior (INDEX) celebr\u00f3 la acogida de la iniciativa \u201cUn Cafecito con la Comunidad\u201d, una plataforma que [&hellip;]<\/p>\n","protected":false},"author":10,"featured_media":3747,"comment_status":"open","ping_status":"open","sticky":false,"template":"","format":"standard","meta":{"om_disable_all_campaigns":false,"_monsterinsights_skip_tracking":false,"_monsterinsights_sitenote_active":false,"_monsterinsights_sitenote_note":"","_monsterinsights_sitenote_category":0,"footnotes":""},"categories":[1],"tags":[],"class_list":{"0":"post-3746","1":"post","2":"type-post","3":"status-publish","4":"format-standard","5":"has-post-thumbnail","7":"category-nacionales"},"aioseo_notices":[],"_links":{"self":[{"href":"https:\/\/periodicolarepublica.com\/index.php\/wp-json\/wp\/v2\/posts\/3746","targetHints":{"allow":["GET"]}}],"collection":[{"href":"https:\/\/periodicolarepublica.com\/index.php\/wp-json\/wp\/v2\/posts"}],"about":[{"href":"https:\/\/periodicolarepublica.com\/index.php\/wp-json\/wp\/v2\/types\/post"}],"author":[{"embeddable":true,"href":"https:\/\/periodicolarepublica.com\/index.php\/wp-json\/wp\/v2\/users\/10"}],"replies":[{"embeddable":true,"href":"https:\/\/periodicolarepublica.com\/index.php\/wp-json\/wp\/v2\/comments?post=3746"}],"version-history":[{"count":1,"href":"https:\/\/periodicolarepublica.com\/index.php\/wp-json\/wp\/v2\/posts\/3746\/revisions"}],"predecessor-version":[{"id":3748,"href":"https:\/\/periodicolarepublica.com\/index.php\/wp-json\/wp\/v2\/posts\/3746\/revisions\/3748"}],"wp:featuredmedia":[{"embeddable":true,"href":"https:\/\/periodicolarepublica.com\/index.php\/wp-json\/wp\/v2\/media\/3747"}],"wp:attachment":[{"href":"https:\/\/periodicolarepublica.com\/index.php\/wp-json\/wp\/v2\/media?parent=3746"}],"wp:term":[{"taxonomy":"category","embeddable":true,"href":"https:\/\/periodicolarepublica.com\/index.php\/wp-json\/wp\/v2\/categories?post=3746"},{"taxonomy":"post_tag","embeddable":true,"href":"https:\/\/periodicolarepublica.com\/index.php\/wp-json\/wp\/v2\/tags?post=3746"}],"curies":[{"name":"wp","href":"https:\/\/api.w.org\/{rel}","templated":true}]}}