{"id":3749,"date":"2025-07-23T17:36:18","date_gmt":"2025-07-23T15:36:18","guid":{"rendered":"https:\/\/periodicolarepublica.com\/?p=3749"},"modified":"2025-07-23T17:36:18","modified_gmt":"2025-07-23T15:36:18","slug":"tomas-hernandez-alberto-resalta-impacto-de-la-ampliacion-de-la-avenida-republica-de-colombia-y-defiende-vision-de-desarrollo-del-presidente-abinader","status":"publish","type":"post","link":"https:\/\/periodicolarepublica.com\/index.php\/2025\/07\/23\/tomas-hernandez-alberto-resalta-impacto-de-la-ampliacion-de-la-avenida-republica-de-colombia-y-defiende-vision-de-desarrollo-del-presidente-abinader\/","title":{"rendered":"Tom\u00e1s Hern\u00e1ndez Alberto resalta impacto de la ampliaci\u00f3n de la Avenida Rep\u00fablica de Colombia y defiende visi\u00f3n de desarrollo del presidente Abinader"},"content":{"rendered":"<p>Santo Domingo, R.D. \u2013 El dirigente pol\u00edtico Tom\u00e1s Hern\u00e1ndez Alberto valor\u00f3 como una obra de gran impacto la ampliaci\u00f3n que ejecuta el gobierno en la avenida Rep\u00fablica de Colombia, destacando que beneficiar\u00e1 directamente a miles de ciudadanos que transitan diariamente por esa v\u00eda y a las comunidades que residen en sus alrededores.<\/p>\n<p>&nbsp;<\/p>\n<p>Hern\u00e1ndez Alberto afirm\u00f3 que esta iniciativa representa una clara se\u00f1al de la profundizaci\u00f3n del cambio prometido por el presidente Luis Abinader, a quien defini\u00f3 como un hombre honesto, con visi\u00f3n de futuro y comprometido con el desarrollo real y sostenible de la Rep\u00fablica Dominicana.<\/p>\n<p>&nbsp;<\/p>\n<p>\u201cEl presidente Abinader no solo est\u00e1 transformando la infraestructura vial, sino que tambi\u00e9n est\u00e1 cuidando nuestro entorno. La oposici\u00f3n quiso politizar este proyecto antes siquiera de que se presentara oficialmente al pa\u00eds, desinformando sobre el impacto en el Jard\u00edn Bot\u00e1nico. Hoy ha quedado demostrado que el gobierno, lejos de afectar este importante pulm\u00f3n verde, lo est\u00e1 ampliando en m\u00e1s de 24 mil metros cuadrados\u201d, expres\u00f3.<\/p>\n<p>&nbsp;<\/p>\n<p>El dirigente asegur\u00f3 que con este proyecto, Santo Domingo ser\u00e1 una ciudad m\u00e1s verde, m\u00e1s moderna y m\u00e1s digna para todos. \u201cEste es un gobierno que escucha a la gente y act\u00faa en funci\u00f3n del bien com\u00fan. No hay mutilaci\u00f3n al Jard\u00edn Bot\u00e1nico, hay expansi\u00f3n, hay compromiso ambiental, y hay desarrollo ordenado\u201d, concluy\u00f3.<img loading=\"lazy\" decoding=\"async\" class=\"size-medium wp-image-2718 alignright\" src=\"https:\/\/periodicolarepublica.com\/wp-content\/uploads\/2025\/02\/SaveClip.App_424637916_915868346515345_6209415401388456024_n-300x300.jpg\" alt=\"\" width=\"300\" height=\"300\" \/><\/p>\n","protected":false},"excerpt":{"rendered":"<p>Santo Domingo, R.D. \u2013 El dirigente pol\u00edtico Tom\u00e1s Hern\u00e1ndez Alberto valor\u00f3 como una obra de gran impacto la ampliaci\u00f3n que ejecuta el gobierno en la avenida Rep\u00fablica de Colombia, destacando que beneficiar\u00e1 directamente a miles de ciudadanos que transitan diariamente por esa v\u00eda y a las comunidades que residen en sus alrededores. &nbsp; Hern\u00e1ndez Alberto [&hellip;]<\/p>\n","protected":false},"author":10,"featured_media":0,"comment_status":"open","ping_status":"open","sticky":false,"template":"","format":"standard","meta":{"om_disable_all_campaigns":false,"_monsterinsights_skip_tracking":false,"_monsterinsights_sitenote_active":false,"_monsterinsights_sitenote_note":"","_monsterinsights_sitenote_category":0,"footnotes":""},"categories":[1],"tags":[163],"class_list":{"0":"post-3749","1":"post","2":"type-post","3":"status-publish","4":"format-standard","6":"category-nacionales","7":"tag-tomas-hernandez-alberto"},"aioseo_notices":[],"_links":{"self":[{"href":"https:\/\/periodicolarepublica.com\/index.php\/wp-json\/wp\/v2\/posts\/3749","targetHints":{"allow":["GET"]}}],"collection":[{"href":"https:\/\/periodicolarepublica.com\/index.php\/wp-json\/wp\/v2\/posts"}],"about":[{"href":"https:\/\/periodicolarepublica.com\/index.php\/wp-json\/wp\/v2\/types\/post"}],"author":[{"embeddable":true,"href":"https:\/\/periodicolarepublica.com\/index.php\/wp-json\/wp\/v2\/users\/10"}],"replies":[{"embeddable":true,"href":"https:\/\/periodicolarepublica.com\/index.php\/wp-json\/wp\/v2\/comments?post=3749"}],"version-history":[{"count":1,"href":"https:\/\/periodicolarepublica.com\/index.php\/wp-json\/wp\/v2\/posts\/3749\/revisions"}],"predecessor-version":[{"id":3750,"href":"https:\/\/periodicolarepublica.com\/index.php\/wp-json\/wp\/v2\/posts\/3749\/revisions\/3750"}],"wp:attachment":[{"href":"https:\/\/periodicolarepublica.com\/index.php\/wp-json\/wp\/v2\/media?parent=3749"}],"wp:term":[{"taxonomy":"category","embeddable":true,"href":"https:\/\/periodicolarepublica.com\/index.php\/wp-json\/wp\/v2\/categories?post=3749"},{"taxonomy":"post_tag","embeddable":true,"href":"https:\/\/periodicolarepublica.com\/index.php\/wp-json\/wp\/v2\/tags?post=3749"}],"curies":[{"name":"wp","href":"https:\/\/api.w.org\/{rel}","templated":true}]}}