{"id":3757,"date":"2025-07-24T03:21:50","date_gmt":"2025-07-24T01:21:50","guid":{"rendered":"https:\/\/periodicolarepublica.com\/?p=3757"},"modified":"2025-07-24T03:21:50","modified_gmt":"2025-07-24T01:21:50","slug":"educacion-con-valores-el-gran-acierto-de-luis-miguel-de-camps","status":"publish","type":"post","link":"https:\/\/periodicolarepublica.com\/index.php\/2025\/07\/24\/educacion-con-valores-el-gran-acierto-de-luis-miguel-de-camps\/","title":{"rendered":"Educaci\u00f3n con valores: el gran acierto de Luis Miguel De Camps"},"content":{"rendered":"<p>El un reciente anuncio por eministro de Educaci\u00f3n, Luis Miguel De Camps, sobre el retorno de la asignatura de Moral y C\u00edvica al curr\u00edculo escolar dominicano marca un paso crucial en la direcci\u00f3n correcta. En medio de una sociedad que enfrenta crecientes desaf\u00edos \u00e9ticos, sociales y de convivencia, esta medida representa una apuesta por la formaci\u00f3n integral de nuestras futuras generaciones.<\/p>\n<p>Durante a\u00f1os, el sistema educativo ha mostrado vac\u00edos profundos en lo relativo a la ense\u00f1anza de valores, ciudadan\u00eda responsable y sentido de pertenencia nacional. La omisi\u00f3n de una materia estructurada que inculque principios fundamentales como el respeto, la solidaridad, el civismo y la \u00e9tica p\u00fablica ha tenido consecuencias palpables: desde el deterioro de la conducta estudiantil hasta la indiferencia ante los deberes ciudadanos donde se lucha con mala m\u00fasica, delincuencia y otros antivalores.<\/p>\n<p>La educaci\u00f3n no debe limitarse a la transmisi\u00f3n de conocimientos t\u00e9cnicos o cient\u00edficos. Educar tambi\u00e9n es formar en valores. Es sembrar en los j\u00f3venes la conciencia del bien com\u00fan, el respeto por las leyes, el compromiso con su pa\u00eds y la empat\u00eda hacia los dem\u00e1s. En este sentido, reintroducir la Moral y C\u00edvica en las aulas es tambi\u00e9n un acto de justicia con la historia educativa dominicana, donde en el pasado esta asignatura jug\u00f3 un rol determinante en la formaci\u00f3n de ciudadanos responsables.<\/p>\n<p>Felicito p\u00fablicamente al ministro Luis Miguel De Camps por esta decisi\u00f3n valiente, que no responde a c\u00e1lculos pol\u00edticos ni a tendencias pasajeras, sino a una visi\u00f3n clara de lo que necesita la Rep\u00fablica Dominicana para fortalecerse como naci\u00f3n.<\/p>\n<p><img loading=\"lazy\" decoding=\"async\" class=\"alignnone size-medium wp-image-3759\" src=\"https:\/\/periodicolarepublica.com\/wp-content\/uploads\/2025\/07\/5478941ac80d4a04b084b50a49b633b12d884eb9fachada-9png-e1753320090288-300x234.png\" alt=\"\" width=\"300\" height=\"234\" srcset=\"https:\/\/periodicolarepublica.com\/wp-content\/uploads\/2025\/07\/5478941ac80d4a04b084b50a49b633b12d884eb9fachada-9png-e1753320090288-300x234.png 300w, https:\/\/periodicolarepublica.com\/wp-content\/uploads\/2025\/07\/5478941ac80d4a04b084b50a49b633b12d884eb9fachada-9png-e1753320090288-150x117.png 150w, https:\/\/periodicolarepublica.com\/wp-content\/uploads\/2025\/07\/5478941ac80d4a04b084b50a49b633b12d884eb9fachada-9png-e1753320090288.png 393w\" sizes=\"auto, (max-width: 300px) 100vw, 300px\" \/><\/p>\n<p>Es tiempo de volver a lo esencial. Y educar en valores es, sin duda, el primer paso para construir una sociedad m\u00e1s justa, solidaria y democr\u00e1tica.<\/p>\n<p>M\u00e1ximo Mi\u00f1oso<\/p>\n<p>Director del Medio La Rep\u00fablica<\/p>\n","protected":false},"excerpt":{"rendered":"<p>El un reciente anuncio por eministro de Educaci\u00f3n, Luis Miguel De Camps, sobre el retorno de la asignatura de Moral y C\u00edvica al curr\u00edculo escolar dominicano marca un paso crucial en la direcci\u00f3n correcta. En medio de una sociedad que enfrenta crecientes desaf\u00edos \u00e9ticos, sociales y de convivencia, esta medida representa una apuesta por la [&hellip;]<\/p>\n","protected":false},"author":1,"featured_media":3759,"comment_status":"open","ping_status":"open","sticky":false,"template":"","format":"standard","meta":{"om_disable_all_campaigns":false,"_monsterinsights_skip_tracking":false,"_monsterinsights_sitenote_active":false,"_monsterinsights_sitenote_note":"","_monsterinsights_sitenote_category":0,"footnotes":""},"categories":[442,1],"tags":[443,444],"class_list":{"0":"post-3757","1":"post","2":"type-post","3":"status-publish","4":"format-standard","5":"has-post-thumbnail","7":"category-editorial","8":"category-nacionales","9":"tag-luis-miguel-de-camps","10":"tag-minerd"},"aioseo_notices":[],"_links":{"self":[{"href":"https:\/\/periodicolarepublica.com\/index.php\/wp-json\/wp\/v2\/posts\/3757","targetHints":{"allow":["GET"]}}],"collection":[{"href":"https:\/\/periodicolarepublica.com\/index.php\/wp-json\/wp\/v2\/posts"}],"about":[{"href":"https:\/\/periodicolarepublica.com\/index.php\/wp-json\/wp\/v2\/types\/post"}],"author":[{"embeddable":true,"href":"https:\/\/periodicolarepublica.com\/index.php\/wp-json\/wp\/v2\/users\/1"}],"replies":[{"embeddable":true,"href":"https:\/\/periodicolarepublica.com\/index.php\/wp-json\/wp\/v2\/comments?post=3757"}],"version-history":[{"count":1,"href":"https:\/\/periodicolarepublica.com\/index.php\/wp-json\/wp\/v2\/posts\/3757\/revisions"}],"predecessor-version":[{"id":3760,"href":"https:\/\/periodicolarepublica.com\/index.php\/wp-json\/wp\/v2\/posts\/3757\/revisions\/3760"}],"wp:featuredmedia":[{"embeddable":true,"href":"https:\/\/periodicolarepublica.com\/index.php\/wp-json\/wp\/v2\/media\/3759"}],"wp:attachment":[{"href":"https:\/\/periodicolarepublica.com\/index.php\/wp-json\/wp\/v2\/media?parent=3757"}],"wp:term":[{"taxonomy":"category","embeddable":true,"href":"https:\/\/periodicolarepublica.com\/index.php\/wp-json\/wp\/v2\/categories?post=3757"},{"taxonomy":"post_tag","embeddable":true,"href":"https:\/\/periodicolarepublica.com\/index.php\/wp-json\/wp\/v2\/tags?post=3757"}],"curies":[{"name":"wp","href":"https:\/\/api.w.org\/{rel}","templated":true}]}}