{"id":3765,"date":"2025-07-25T01:22:34","date_gmt":"2025-07-24T23:22:34","guid":{"rendered":"https:\/\/periodicolarepublica.com\/?p=3765"},"modified":"2025-07-25T01:22:34","modified_gmt":"2025-07-24T23:22:34","slug":"silenciar-la-voz-del-pueblo-es-una-amenaza-a-la-salud-democratica","status":"publish","type":"post","link":"https:\/\/periodicolarepublica.com\/index.php\/2025\/07\/25\/silenciar-la-voz-del-pueblo-es-una-amenaza-a-la-salud-democratica\/","title":{"rendered":"Silenciar la voz del pueblo es una amenaza a la salud democr\u00e1tica"},"content":{"rendered":"<p>Por el Lic. Juan Taveras de Oleo, psic\u00f3logo cl\u00ednico y comunicador social<\/p>\n<p>&nbsp;<\/p>\n<p>La reciente propuesta del nuevo C\u00f3digo Penal en la Rep\u00fablica Dominicana ha puesto en el centro del debate una inquietante realidad: el intento de limitar la libertad de expresi\u00f3n a trav\u00e9s de la penalizaci\u00f3n de las grabaciones sin consentimiento y la difusi\u00f3n de contenido en redes sociales.<\/p>\n<p>&nbsp;<\/p>\n<p>Como psic\u00f3logo y comunicador, observo con preocupaci\u00f3n esta tendencia, pues m\u00e1s all\u00e1 de lo jur\u00eddico, este proyecto legislativo tiene implicaciones profundas en la salud emocional y democr\u00e1tica del pa\u00eds. Cuando el pueblo siente que se le niega la posibilidad de expresarse, denunciar o simplemente manifestar su opini\u00f3n en espacios como las redes sociales, se alimenta la frustraci\u00f3n, la desconfianza en las instituciones y el aislamiento social.<\/p>\n<p>&nbsp;<\/p>\n<p>La gente ha encontrado en su celular una herramienta de empoderamiento. En un pa\u00eds donde muchas veces las instituciones fallan, donde las denuncias formales no avanzan, grabar y compartir en redes ha sido el \u00fanico medio para obtener justicia o al menos visibilizar un atropello. \u00bfCu\u00e1ntos casos de abuso policial, negligencia m\u00e9dica o corrupci\u00f3n administrativa han salido a la luz gracias a un video grabado por un ciudadano com\u00fan?<\/p>\n<p>&nbsp;<\/p>\n<p>Es cierto que se debe proteger la intimidad y la dignidad de las personas. No se trata de fomentar el morbo ni la exposici\u00f3n sin l\u00edmites. Pero el problema no es la herramienta, sino el uso que se le da. Y para eso existen ya leyes sobre difamaci\u00f3n, delitos inform\u00e1ticos y derechos a la imagen. Lo que no podemos permitir es que, bajo el argumento de la privacidad, se introduzcan normas que sirvan para intimidar, censurar y controlar al pueblo.<\/p>\n<p>&nbsp;<\/p>\n<p>Regular las redes sociales sin entender su papel en la expresi\u00f3n colectiva es desconectarse de la realidad de esta generaci\u00f3n. Vivimos en una era donde la ciudadan\u00eda se informa, opina y se organiza digitalmente. Pretender silenciar las redes es apagar la voz de millones que no tienen acceso a los medios tradicionales.<\/p>\n<p>&nbsp;<\/p>\n<p>Hago un llamado al Congreso Nacional, a los legisladores conscientes y al liderazgo pol\u00edtico del pa\u00eds: no construyamos un C\u00f3digo Penal que encadene la democracia ni la libertad de nuestros j\u00f3venes. Eduquemos, orientemos y fomentemos el uso \u00e9tico de la tecnolog\u00eda, pero no reprimamos su existencia.<\/p>\n<p>&nbsp;<\/p>\n<p>La salud mental de una naci\u00f3n tambi\u00e9n depende de la capacidad de su gente de expresarse, denunciar y ser escuchada. Callar al pueblo, por cualquier v\u00eda, es siempre una forma peligrosa de violencia institucional.<img loading=\"lazy\" decoding=\"async\" class=\"size-medium wp-image-3766 alignright\" src=\"https:\/\/periodicolarepublica.com\/wp-content\/uploads\/2025\/07\/IMG-20250724-WA0584-300x218.jpg\" alt=\"\" width=\"300\" height=\"218\" srcset=\"https:\/\/periodicolarepublica.com\/wp-content\/uploads\/2025\/07\/IMG-20250724-WA0584-300x218.jpg?v=1753399339 300w, https:\/\/periodicolarepublica.com\/wp-content\/uploads\/2025\/07\/IMG-20250724-WA0584-768x558.jpg?v=1753399339 768w, https:\/\/periodicolarepublica.com\/wp-content\/uploads\/2025\/07\/IMG-20250724-WA0584-150x109.jpg?v=1753399339 150w, https:\/\/periodicolarepublica.com\/wp-content\/uploads\/2025\/07\/IMG-20250724-WA0584-600x436.jpg?v=1753399339 600w, https:\/\/periodicolarepublica.com\/wp-content\/uploads\/2025\/07\/IMG-20250724-WA0584-696x505.jpg?v=1753399339 696w, https:\/\/periodicolarepublica.com\/wp-content\/uploads\/2025\/07\/IMG-20250724-WA0584-324x235.jpg?v=1753399339 324w, https:\/\/periodicolarepublica.com\/wp-content\/uploads\/2025\/07\/IMG-20250724-WA0584-648x470.jpg?v=1753399339 648w, https:\/\/periodicolarepublica.com\/wp-content\/uploads\/2025\/07\/IMG-20250724-WA0584.jpg?v=1753399339 884w\" sizes=\"auto, (max-width: 300px) 100vw, 300px\" \/><\/p>\n","protected":false},"excerpt":{"rendered":"<p>Por el Lic. Juan Taveras de Oleo, psic\u00f3logo cl\u00ednico y comunicador social &nbsp; La reciente propuesta del nuevo C\u00f3digo Penal en la Rep\u00fablica Dominicana ha puesto en el centro del debate una inquietante realidad: el intento de limitar la libertad de expresi\u00f3n a trav\u00e9s de la penalizaci\u00f3n de las grabaciones sin consentimiento y la difusi\u00f3n [&hellip;]<\/p>\n","protected":false},"author":10,"featured_media":3766,"comment_status":"open","ping_status":"open","sticky":false,"template":"","format":"standard","meta":{"om_disable_all_campaigns":false,"_monsterinsights_skip_tracking":false,"_monsterinsights_sitenote_active":false,"_monsterinsights_sitenote_note":"","_monsterinsights_sitenote_category":0,"footnotes":""},"categories":[1],"tags":[],"class_list":{"0":"post-3765","1":"post","2":"type-post","3":"status-publish","4":"format-standard","5":"has-post-thumbnail","7":"category-nacionales"},"aioseo_notices":[],"_links":{"self":[{"href":"https:\/\/periodicolarepublica.com\/index.php\/wp-json\/wp\/v2\/posts\/3765","targetHints":{"allow":["GET"]}}],"collection":[{"href":"https:\/\/periodicolarepublica.com\/index.php\/wp-json\/wp\/v2\/posts"}],"about":[{"href":"https:\/\/periodicolarepublica.com\/index.php\/wp-json\/wp\/v2\/types\/post"}],"author":[{"embeddable":true,"href":"https:\/\/periodicolarepublica.com\/index.php\/wp-json\/wp\/v2\/users\/10"}],"replies":[{"embeddable":true,"href":"https:\/\/periodicolarepublica.com\/index.php\/wp-json\/wp\/v2\/comments?post=3765"}],"version-history":[{"count":1,"href":"https:\/\/periodicolarepublica.com\/index.php\/wp-json\/wp\/v2\/posts\/3765\/revisions"}],"predecessor-version":[{"id":3767,"href":"https:\/\/periodicolarepublica.com\/index.php\/wp-json\/wp\/v2\/posts\/3765\/revisions\/3767"}],"wp:featuredmedia":[{"embeddable":true,"href":"https:\/\/periodicolarepublica.com\/index.php\/wp-json\/wp\/v2\/media\/3766"}],"wp:attachment":[{"href":"https:\/\/periodicolarepublica.com\/index.php\/wp-json\/wp\/v2\/media?parent=3765"}],"wp:term":[{"taxonomy":"category","embeddable":true,"href":"https:\/\/periodicolarepublica.com\/index.php\/wp-json\/wp\/v2\/categories?post=3765"},{"taxonomy":"post_tag","embeddable":true,"href":"https:\/\/periodicolarepublica.com\/index.php\/wp-json\/wp\/v2\/tags?post=3765"}],"curies":[{"name":"wp","href":"https:\/\/api.w.org\/{rel}","templated":true}]}}