{"id":3779,"date":"2025-07-27T16:15:15","date_gmt":"2025-07-27T14:15:15","guid":{"rendered":"https:\/\/periodicolarepublica.com\/?p=3779"},"modified":"2025-07-27T16:15:15","modified_gmt":"2025-07-27T14:15:15","slug":"alcaldia-del-dn-refuerza-reacondicionamiento-de-los-principales-cementerios-previo-al-dia-de-los-padres","status":"publish","type":"post","link":"https:\/\/periodicolarepublica.com\/index.php\/2025\/07\/27\/alcaldia-del-dn-refuerza-reacondicionamiento-de-los-principales-cementerios-previo-al-dia-de-los-padres\/","title":{"rendered":"Alcald\u00eda del DN refuerza reacondicionamiento de los principales cementerios previo al D\u00eda de los Padres"},"content":{"rendered":"<p>Santo Domingo, DN &#8211; La Alcald\u00eda del Distrito Nacional intensific\u00f3 sus acostumbradas labores de acondicionamiento en los principales cementerios de la capital, con motivo a la celebraci\u00f3n del D\u00eda de los Padres este domingo 27 de julio.<\/p>\n<p>&nbsp;<\/p>\n<p>La iniciativa es motivada por Carolina Mej\u00eda, con miras a que los camposantos Cristo Redentor, Barrio Obrero de Cristo Rey y Nacional de la avenida M\u00e1ximo G\u00f3mez se encuentren en condiciones \u00f3ptimas para recibir a quienes visitan las tumbas de sus seres queridos.<\/p>\n<p>&nbsp;<\/p>\n<p>Mej\u00eda ha ponderado la importancia de los cementerios en momentos de despedir f\u00edsicamente a los seres queridos, as\u00ed como en el tributo que se les rinde posteriormente al visitar las tumbas.<\/p>\n<p>&nbsp;<\/p>\n<p>La directora de Servicios P\u00fablicos, Pamela Mart\u00ednez, invit\u00f3 a quienes tienen familiares y seres queridos sepultados en estos camposantos, a visitar estos espacios. \u201cSe van a encontrar con unos cementerios limpios, seguros y totalmente cuidados\u201d, afirm\u00f3.<\/p>\n<p>&nbsp;<\/p>\n<p>La funcionaria detall\u00f3 que para estos operativos simult\u00e1neos se han agregado a 60 obreros, realizando operaciones de trimer, limpieza de maleza, poda, resane y pintura de contenes, recogida de escombros y desechos en general.<\/p>\n<p>&nbsp;<\/p>\n<p>\u201cEn total, tenemos 116 personas entre obreros, macheteros y trimistas\u201d, a\u00f1adi\u00f3 la directora.<\/p>\n<p>Adem\u00e1s, Mart\u00ednez precis\u00f3 que en el cementerio de la M\u00e1ximo G\u00f3mez se realiz\u00f3 un operativo de aplicaci\u00f3n de herbicida, logrando secar toda la maleza existente.<\/p>\n<p>&nbsp;<\/p>\n<p>La directora de Servicios P\u00fablicos reiter\u00f3 el llamado a los familiares a darle mantenimiento a las tumbas y panteones peri\u00f3dicamente. \u201cLa responsabilidad de la limpieza de los panteones les corresponde a los usuarios\u201d, record\u00f3, haciendo \u00e9nfasis en que la alcald\u00eda se encarga de las \u00e1reas comunes en los cementerios, pero se ve precisada a hacer un esfuerzo extra para asear la zona de las tumbas.<\/p>\n<p><img loading=\"lazy\" decoding=\"async\" class=\"alignnone size-full wp-image-3699\" src=\"https:\/\/periodicolarepublica.com\/wp-content\/uploads\/2025\/07\/images-18.png\" alt=\"\" width=\"225\" height=\"225\" srcset=\"https:\/\/periodicolarepublica.com\/wp-content\/uploads\/2025\/07\/images-18.png 225w, https:\/\/periodicolarepublica.com\/wp-content\/uploads\/2025\/07\/images-18-150x150.png 150w\" sizes=\"auto, (max-width: 225px) 100vw, 225px\" \/><\/p>\n","protected":false},"excerpt":{"rendered":"<p>Santo Domingo, DN &#8211; La Alcald\u00eda del Distrito Nacional intensific\u00f3 sus acostumbradas labores de acondicionamiento en los principales cementerios de la capital, con motivo a la celebraci\u00f3n del D\u00eda de los Padres este domingo 27 de julio. &nbsp; La iniciativa es motivada por Carolina Mej\u00eda, con miras a que los camposantos Cristo Redentor, Barrio Obrero [&hellip;]<\/p>\n","protected":false},"author":6,"featured_media":3699,"comment_status":"open","ping_status":"open","sticky":false,"template":"","format":"standard","meta":{"om_disable_all_campaigns":false,"_monsterinsights_skip_tracking":false,"_monsterinsights_sitenote_active":false,"_monsterinsights_sitenote_note":"","_monsterinsights_sitenote_category":0,"footnotes":""},"categories":[1],"tags":[],"class_list":{"0":"post-3779","1":"post","2":"type-post","3":"status-publish","4":"format-standard","5":"has-post-thumbnail","7":"category-nacionales"},"aioseo_notices":[],"_links":{"self":[{"href":"https:\/\/periodicolarepublica.com\/index.php\/wp-json\/wp\/v2\/posts\/3779","targetHints":{"allow":["GET"]}}],"collection":[{"href":"https:\/\/periodicolarepublica.com\/index.php\/wp-json\/wp\/v2\/posts"}],"about":[{"href":"https:\/\/periodicolarepublica.com\/index.php\/wp-json\/wp\/v2\/types\/post"}],"author":[{"embeddable":true,"href":"https:\/\/periodicolarepublica.com\/index.php\/wp-json\/wp\/v2\/users\/6"}],"replies":[{"embeddable":true,"href":"https:\/\/periodicolarepublica.com\/index.php\/wp-json\/wp\/v2\/comments?post=3779"}],"version-history":[{"count":1,"href":"https:\/\/periodicolarepublica.com\/index.php\/wp-json\/wp\/v2\/posts\/3779\/revisions"}],"predecessor-version":[{"id":3780,"href":"https:\/\/periodicolarepublica.com\/index.php\/wp-json\/wp\/v2\/posts\/3779\/revisions\/3780"}],"wp:featuredmedia":[{"embeddable":true,"href":"https:\/\/periodicolarepublica.com\/index.php\/wp-json\/wp\/v2\/media\/3699"}],"wp:attachment":[{"href":"https:\/\/periodicolarepublica.com\/index.php\/wp-json\/wp\/v2\/media?parent=3779"}],"wp:term":[{"taxonomy":"category","embeddable":true,"href":"https:\/\/periodicolarepublica.com\/index.php\/wp-json\/wp\/v2\/categories?post=3779"},{"taxonomy":"post_tag","embeddable":true,"href":"https:\/\/periodicolarepublica.com\/index.php\/wp-json\/wp\/v2\/tags?post=3779"}],"curies":[{"name":"wp","href":"https:\/\/api.w.org\/{rel}","templated":true}]}}