{"id":3781,"date":"2025-07-27T16:18:41","date_gmt":"2025-07-27T14:18:41","guid":{"rendered":"https:\/\/periodicolarepublica.com\/?p=3781"},"modified":"2025-07-27T16:29:15","modified_gmt":"2025-07-27T14:29:15","slug":"ministro-joel-santos-destaca-importancia-de-la-linea-de-transmision-138-kv-en-el-cruce-de-ocoa-ocoa","status":"publish","type":"post","link":"https:\/\/periodicolarepublica.com\/index.php\/2025\/07\/27\/ministro-joel-santos-destaca-importancia-de-la-linea-de-transmision-138-kv-en-el-cruce-de-ocoa-ocoa\/","title":{"rendered":"Ministro Joel Santos destaca importancia de la l\u00ednea de transmisi\u00f3n 138 kV en el Cruce de Ocoa\u2013Ocoa"},"content":{"rendered":"<p>La nueva l\u00ednea, que fortalece la capacidad y confiabilidad del Sistema El\u00e9ctrico Nacional Interconectado (SENI), fue inaugurada por el presidente Luis Abinader<\/p>\n<p>*SAN JOS\u00c9 DE OCOA.* El ministro de Energ\u00eda y Minas (MEM), Joel Santos, destac\u00f3 la importancia que reviste para la regi\u00f3n Sur del pa\u00eds la l\u00ednea de transmisi\u00f3n de 138 kilovoltios en el Cruce de Ocoa\u2013Ocoa, inaugurada este s\u00e1bado por el presidente de la Rep\u00fablica, Luis Abinader.<\/p>\n<p>&nbsp;<\/p>\n<p>Santos indic\u00f3 que la obra, ejecutada por la Empresa de Transmisi\u00f3n El\u00e9ctrica Dominicana (ETED), con una inversi\u00f3n que supera los RD$ 293 millones, representa un nuevo paso en el fortalecimiento de la capacidad y confiabilidad del Sistema El\u00e9ctrico Nacional Interconectado (SENI), que impulsa el Gobierno.<\/p>\n<p>&nbsp;<\/p>\n<p>\u201cEste logro se suma a otro hito reciente: la entrada en operaci\u00f3n de la l\u00ednea de 345 kilovoltios Montecristi\u2013El Naranjo, con 128 kil\u00f3metros de extensi\u00f3n, que tambi\u00e9n fortalece la infraestructura el\u00e9ctrica en la regi\u00f3n Norte\u201d, expres\u00f3 Santos durante su disertaci\u00f3n en el acto de inauguraci\u00f3n.<\/p>\n<p>El ministro de Energ\u00eda y Minas felicit\u00f3 al administrador de la ETED, Mart\u00edn Robles, por la labor incansable que ha venido realizando al frente de la instituci\u00f3n, con la puesta en marcha del Plan de Expansi\u00f3n del Sistema de Transmisi\u00f3n 2021\u20132035, alineado con la Estrategia Nacional de Desarrollo 2030.<\/p>\n<p>El administrador de la ETED explic\u00f3 que la nueva l\u00ednea tiene 24 kil\u00f3metros de longitud, est\u00e1 aislada a 138 kV, cuenta con 97 apoyos, 73 torres reticuladas de acero galvanizado y 24 postes met\u00e1licos autosoportables, dise\u00f1ados para resistir vientos de hasta 200 kil\u00f3metros por hora.<\/p>\n<p>Detall\u00f3 que la nueva infraestructura el\u00e9ctrica cuenta con aisladores polim\u00e9ricos y conductores que permiten una capacidad de transporte de 140 MW, as\u00ed como un cable de guarda OPGW de 24 fibras, con miras a desarrollar en el futuro nuevos nodos \u00f3pticos que mejoren la conectividad y la comunicaci\u00f3n en la provincia San Jos\u00e9 de Ocoa.<\/p>\n<p>&nbsp;<\/p>\n<p>Con la nueva red el\u00e9ctrica puesta en operaci\u00f3n, se sustituye una antigua l\u00ednea de 69 kV, construida en 1981 con postes de madera, la cual presentaba constantes fallas operativas por envejecimiento del conductor, lo que afectaba la estabilidad del servicio el\u00e9ctrico en la regi\u00f3n.<\/p>\n<p>*Direcci\u00f3n de Comunicaciones*<\/p>\n<p>27 de julio de 2025<\/p>\n<p><img loading=\"lazy\" decoding=\"async\" class=\"alignnone size-medium wp-image-2911\" src=\"https:\/\/periodicolarepublica.com\/wp-content\/uploads\/2025\/03\/fachada-MEM-1-e1751293560273-300x167.webp\" alt=\"\" width=\"300\" height=\"167\" srcset=\"https:\/\/periodicolarepublica.com\/wp-content\/uploads\/2025\/03\/fachada-MEM-1-e1751293560273-300x167.webp 300w, https:\/\/periodicolarepublica.com\/wp-content\/uploads\/2025\/03\/fachada-MEM-1-e1751293560273-1024x569.webp 1024w, https:\/\/periodicolarepublica.com\/wp-content\/uploads\/2025\/03\/fachada-MEM-1-e1751293560273-768x427.webp 768w, https:\/\/periodicolarepublica.com\/wp-content\/uploads\/2025\/03\/fachada-MEM-1-e1751293560273-150x83.webp 150w, https:\/\/periodicolarepublica.com\/wp-content\/uploads\/2025\/03\/fachada-MEM-1-e1751293560273-600x334.webp 600w, https:\/\/periodicolarepublica.com\/wp-content\/uploads\/2025\/03\/fachada-MEM-1-e1751293560273-696x387.webp 696w, https:\/\/periodicolarepublica.com\/wp-content\/uploads\/2025\/03\/fachada-MEM-1-e1751293560273-1068x594.webp 1068w, https:\/\/periodicolarepublica.com\/wp-content\/uploads\/2025\/03\/fachada-MEM-1-e1751293560273.webp 1295w\" sizes=\"auto, (max-width: 300px) 100vw, 300px\" \/><\/p>\n","protected":false},"excerpt":{"rendered":"<p>La nueva l\u00ednea, que fortalece la capacidad y confiabilidad del Sistema El\u00e9ctrico Nacional Interconectado (SENI), fue inaugurada por el presidente Luis Abinader *SAN JOS\u00c9 DE OCOA.* El ministro de Energ\u00eda y Minas (MEM), Joel Santos, destac\u00f3 la importancia que reviste para la regi\u00f3n Sur del pa\u00eds la l\u00ednea de transmisi\u00f3n de 138 kilovoltios en el [&hellip;]<\/p>\n","protected":false},"author":6,"featured_media":2911,"comment_status":"open","ping_status":"open","sticky":false,"template":"","format":"standard","meta":{"om_disable_all_campaigns":false,"_monsterinsights_skip_tracking":false,"_monsterinsights_sitenote_active":false,"_monsterinsights_sitenote_note":"","_monsterinsights_sitenote_category":0,"footnotes":""},"categories":[1],"tags":[],"class_list":{"0":"post-3781","1":"post","2":"type-post","3":"status-publish","4":"format-standard","5":"has-post-thumbnail","7":"category-nacionales"},"aioseo_notices":[],"_links":{"self":[{"href":"https:\/\/periodicolarepublica.com\/index.php\/wp-json\/wp\/v2\/posts\/3781","targetHints":{"allow":["GET"]}}],"collection":[{"href":"https:\/\/periodicolarepublica.com\/index.php\/wp-json\/wp\/v2\/posts"}],"about":[{"href":"https:\/\/periodicolarepublica.com\/index.php\/wp-json\/wp\/v2\/types\/post"}],"author":[{"embeddable":true,"href":"https:\/\/periodicolarepublica.com\/index.php\/wp-json\/wp\/v2\/users\/6"}],"replies":[{"embeddable":true,"href":"https:\/\/periodicolarepublica.com\/index.php\/wp-json\/wp\/v2\/comments?post=3781"}],"version-history":[{"count":1,"href":"https:\/\/periodicolarepublica.com\/index.php\/wp-json\/wp\/v2\/posts\/3781\/revisions"}],"predecessor-version":[{"id":3782,"href":"https:\/\/periodicolarepublica.com\/index.php\/wp-json\/wp\/v2\/posts\/3781\/revisions\/3782"}],"wp:featuredmedia":[{"embeddable":true,"href":"https:\/\/periodicolarepublica.com\/index.php\/wp-json\/wp\/v2\/media\/2911"}],"wp:attachment":[{"href":"https:\/\/periodicolarepublica.com\/index.php\/wp-json\/wp\/v2\/media?parent=3781"}],"wp:term":[{"taxonomy":"category","embeddable":true,"href":"https:\/\/periodicolarepublica.com\/index.php\/wp-json\/wp\/v2\/categories?post=3781"},{"taxonomy":"post_tag","embeddable":true,"href":"https:\/\/periodicolarepublica.com\/index.php\/wp-json\/wp\/v2\/tags?post=3781"}],"curies":[{"name":"wp","href":"https:\/\/api.w.org\/{rel}","templated":true}]}}