{"id":3789,"date":"2025-07-27T23:43:22","date_gmt":"2025-07-27T21:43:22","guid":{"rendered":"https:\/\/periodicolarepublica.com\/?p=3789"},"modified":"2025-07-27T23:43:22","modified_gmt":"2025-07-27T21:43:22","slug":"padre-funcionario-y-ejemplo-de-david-collado-su-rol-mas-importante","status":"publish","type":"post","link":"https:\/\/periodicolarepublica.com\/index.php\/2025\/07\/27\/padre-funcionario-y-ejemplo-de-david-collado-su-rol-mas-importante\/","title":{"rendered":"Padre, funcionario y ejemplo: de David Collado su rol m\u00e1s importante"},"content":{"rendered":"<p>En un pa\u00eds donde la figura del padre responsable es a\u00fan un anhelo para muchas familias, resaltar el ejemplo de quienes encarnan con orgullo y entrega ese rol esencial, es m\u00e1s que una celebraci\u00f3n: es una inspiraci\u00f3n.<\/p>\n<p>Este D\u00eda de los Padres, la figura de David Collado qui\u00e9n es el actual Ministro de Turismo en la Rep\u00fablica Dominicana, es un referente claro del trabajo en el sector p\u00fablico y el compromiso familiar.<\/p>\n<p>Con una carrera marcada por la entrega al servicio, David Collado ha sido diputado, alcalde del Distrito Nacional y hoy uno de los ministros m\u00e1s activos del pa\u00eds en el actual gobierno que preside el Presidente Luis Abinader, con una agenda nacional e internacional que lo mantiene constantemente en movimiento. Sin embargo, en medio de todo eso esa vor\u00e1gine de responsabilidades, siempre se destaca la funci\u00f3n de ser padre.<\/p>\n<p>Su hija, Analia, ha sido testigo y beneficiaria de un amor firme, presente y constante, as\u00ed\u00a0 lo muestran las redes sociales del ministro Collado y quienes lo conocen de cerca, saben que para el, sacar tiempo para su hija, es una prioridad, se ha dejado ver\u00a0 acompa\u00f1arla en momentos importantes, celebrando sus logros, y construyendo con ella una relaci\u00f3n basada en el cari\u00f1o, el respeto y la gu\u00eda constante.<\/p>\n<p>No es com\u00fan encontrar figuras p\u00fablicas que logren equilibrar con tanta humanidad la funci\u00f3n\u00a0 y la responsabilidad de ser padre.<\/p>\n<p>En este D\u00eda de los Padres, rendimos homenaje a todos los que como \u00e9l, hacen de la paternidad un acto de amor consciente. Porque en un mundo de turismo, David Collado demuestra que un buen padre no se mide por los kil\u00f3metros que recorre, tanto en carreteras visitando los puntos tur\u00edsticos para supervisi\u00f3n, ni las millas a distancia en vuelos que debe de cumplir con los compromisos de sus funciones sino por el tiempo y el amor que siembra en su familia, como la crianza de su hija.<\/p>\n<p><img loading=\"lazy\" decoding=\"async\" class=\"alignnone size-medium wp-image-3790\" src=\"https:\/\/periodicolarepublica.com\/wp-content\/uploads\/2025\/07\/david6_thumb_620-300x217.jpg\" alt=\"\" width=\"300\" height=\"217\" srcset=\"https:\/\/periodicolarepublica.com\/wp-content\/uploads\/2025\/07\/david6_thumb_620-300x217.jpg 300w, https:\/\/periodicolarepublica.com\/wp-content\/uploads\/2025\/07\/david6_thumb_620-150x108.jpg 150w, https:\/\/periodicolarepublica.com\/wp-content\/uploads\/2025\/07\/david6_thumb_620-600x434.jpg 600w, https:\/\/periodicolarepublica.com\/wp-content\/uploads\/2025\/07\/david6_thumb_620-324x235.jpg 324w, https:\/\/periodicolarepublica.com\/wp-content\/uploads\/2025\/07\/david6_thumb_620.jpg 620w\" sizes=\"auto, (max-width: 300px) 100vw, 300px\" \/><\/p>\n<p>La foto de este editorial fue tomada del enlace https:\/\/www.diariohispaniola.com\/noticia\/82600\/protagonista\/david-collado-un-padre-que-busca-inspirar-a-su-hija-con-el-ejemplo-y-el-valor-de-la-integridad.html<\/p>\n","protected":false},"excerpt":{"rendered":"<p>En un pa\u00eds donde la figura del padre responsable es a\u00fan un anhelo para muchas familias, resaltar el ejemplo de quienes encarnan con orgullo y entrega ese rol esencial, es m\u00e1s que una celebraci\u00f3n: es una inspiraci\u00f3n. Este D\u00eda de los Padres, la figura de David Collado qui\u00e9n es el actual Ministro de Turismo en [&hellip;]<\/p>\n","protected":false},"author":1,"featured_media":3790,"comment_status":"open","ping_status":"open","sticky":false,"template":"","format":"standard","meta":{"om_disable_all_campaigns":false,"_monsterinsights_skip_tracking":false,"_monsterinsights_sitenote_active":false,"_monsterinsights_sitenote_note":"","_monsterinsights_sitenote_category":0,"footnotes":""},"categories":[1],"tags":[30,445],"class_list":{"0":"post-3789","1":"post","2":"type-post","3":"status-publish","4":"format-standard","5":"has-post-thumbnail","7":"category-nacionales","8":"tag-david-collado","9":"tag-hija-de-david-collado"},"aioseo_notices":[],"_links":{"self":[{"href":"https:\/\/periodicolarepublica.com\/index.php\/wp-json\/wp\/v2\/posts\/3789","targetHints":{"allow":["GET"]}}],"collection":[{"href":"https:\/\/periodicolarepublica.com\/index.php\/wp-json\/wp\/v2\/posts"}],"about":[{"href":"https:\/\/periodicolarepublica.com\/index.php\/wp-json\/wp\/v2\/types\/post"}],"author":[{"embeddable":true,"href":"https:\/\/periodicolarepublica.com\/index.php\/wp-json\/wp\/v2\/users\/1"}],"replies":[{"embeddable":true,"href":"https:\/\/periodicolarepublica.com\/index.php\/wp-json\/wp\/v2\/comments?post=3789"}],"version-history":[{"count":1,"href":"https:\/\/periodicolarepublica.com\/index.php\/wp-json\/wp\/v2\/posts\/3789\/revisions"}],"predecessor-version":[{"id":3791,"href":"https:\/\/periodicolarepublica.com\/index.php\/wp-json\/wp\/v2\/posts\/3789\/revisions\/3791"}],"wp:featuredmedia":[{"embeddable":true,"href":"https:\/\/periodicolarepublica.com\/index.php\/wp-json\/wp\/v2\/media\/3790"}],"wp:attachment":[{"href":"https:\/\/periodicolarepublica.com\/index.php\/wp-json\/wp\/v2\/media?parent=3789"}],"wp:term":[{"taxonomy":"category","embeddable":true,"href":"https:\/\/periodicolarepublica.com\/index.php\/wp-json\/wp\/v2\/categories?post=3789"},{"taxonomy":"post_tag","embeddable":true,"href":"https:\/\/periodicolarepublica.com\/index.php\/wp-json\/wp\/v2\/tags?post=3789"}],"curies":[{"name":"wp","href":"https:\/\/api.w.org\/{rel}","templated":true}]}}