{"id":3793,"date":"2025-07-28T06:41:07","date_gmt":"2025-07-28T04:41:07","guid":{"rendered":"https:\/\/periodicolarepublica.com\/?p=3793"},"modified":"2025-07-28T06:41:07","modified_gmt":"2025-07-28T04:41:07","slug":"ministerio-de-salud-realizara-jornada-de-tamizaje-y-vacunacion-por-el-dia-mundial-contra-la-hepatitis","status":"publish","type":"post","link":"https:\/\/periodicolarepublica.com\/index.php\/2025\/07\/28\/ministerio-de-salud-realizara-jornada-de-tamizaje-y-vacunacion-por-el-dia-mundial-contra-la-hepatitis\/","title":{"rendered":"Ministerio de Salud realizar\u00e1 jornada de tamizaje y vacunaci\u00f3n por el D\u00eda Mundial contra la Hepatitis"},"content":{"rendered":"<p>La jornada se llevar\u00e1 a cabo en la sede del MSP desde las 8:30 a.m.<\/p>\n<p>*Santo Domingo R.D-* Con motivo de la conmemoraci\u00f3n del D\u00eda Mundial contra la Hepatitis, el Ministerio de Salud, a trav\u00e9s del Programa de ITS, VIH y Hepatitis, llevar\u00e1 a cabo una jornada de tamizaje y vacunaci\u00f3n contra la hepatitis B este lunes 28 de julio, en las instalaciones del MSP, desde las 8:30 a.m. hasta las 3:00 p.m.<\/p>\n<p>&nbsp;<\/p>\n<p>Durante la jornada se ofrecer\u00e1 de forma gratuita la prueba r\u00e1pida de hepatitis B y C, y se aplicar\u00e1 la vacuna contra la hepatitis B con el apoyo de la Direcci\u00f3n de Inmunoprevenibles por Vacunas (DIV). La toma de muestras se realizar\u00e1 en la Unidad M\u00f3vil del Servicio Nacional de Salud (SNS), garantizando condiciones de privacidad, comodidad y orientaci\u00f3n adecuada.<\/p>\n<p>&nbsp;<\/p>\n<p>Esta iniciativa tiene como objetivo sensibilizar a los colaboradores del Ministerio y a la poblaci\u00f3n general sobre la importancia del diagn\u00f3stico temprano, la vacunaci\u00f3n y el seguimiento oportuno de las hepatitis virales, las cuales representan un importante reto de salud p\u00fablica en Rep\u00fablica Dominicana.<\/p>\n<p>&nbsp;<\/p>\n<p>Asimismo, se han coordinado esfuerzos con el \u00e1rea de Salud Ocupacional del MSP para garantizar la entrega confidencial de los resultados a trav\u00e9s del dispensario m\u00e9dico institucional.<\/p>\n<p>&nbsp;<\/p>\n<p>El MSP reitera su compromiso con el control y la eliminaci\u00f3n de las hepatitis virales en el pa\u00eds, en l\u00ednea con los objetivos de la Organizaci\u00f3n Mundial de la Salud para el a\u00f1o 2030, que tiene como lema oficial de este 2025: \u201c\u00a1Hepatitis: entenderla para vencerla! De la A a la E: lo que necesitas saber\u201d.<\/p>\n<p>*Direcci\u00f3n de Comunicaciones MSP 26 julio 2025*<\/p>\n<p><img loading=\"lazy\" decoding=\"async\" class=\"alignnone size-medium wp-image-2004\" src=\"https:\/\/periodicolarepublica.com\/wp-content\/uploads\/2024\/11\/IMG-20241014-WA0026-e1753677638300-300x213.jpg\" alt=\"\" width=\"300\" height=\"213\" srcset=\"https:\/\/periodicolarepublica.com\/wp-content\/uploads\/2024\/11\/IMG-20241014-WA0026-e1753677638300-300x213.jpg?v=1730477611 300w, https:\/\/periodicolarepublica.com\/wp-content\/uploads\/2024\/11\/IMG-20241014-WA0026-e1753677638300-1024x727.jpg?v=1730477611 1024w, https:\/\/periodicolarepublica.com\/wp-content\/uploads\/2024\/11\/IMG-20241014-WA0026-e1753677638300-768x545.jpg?v=1730477611 768w, https:\/\/periodicolarepublica.com\/wp-content\/uploads\/2024\/11\/IMG-20241014-WA0026-e1753677638300-150x106.jpg?v=1730477611 150w, https:\/\/periodicolarepublica.com\/wp-content\/uploads\/2024\/11\/IMG-20241014-WA0026-e1753677638300-600x426.jpg?v=1730477611 600w, https:\/\/periodicolarepublica.com\/wp-content\/uploads\/2024\/11\/IMG-20241014-WA0026-e1753677638300-696x494.jpg?v=1730477611 696w, https:\/\/periodicolarepublica.com\/wp-content\/uploads\/2024\/11\/IMG-20241014-WA0026-e1753677638300-1392x988.jpg?v=1730477611 1392w, https:\/\/periodicolarepublica.com\/wp-content\/uploads\/2024\/11\/IMG-20241014-WA0026-e1753677638300-1068x758.jpg?v=1730477611 1068w, https:\/\/periodicolarepublica.com\/wp-content\/uploads\/2024\/11\/IMG-20241014-WA0026-e1753677638300-100x70.jpg?v=1730477611 100w, https:\/\/periodicolarepublica.com\/wp-content\/uploads\/2024\/11\/IMG-20241014-WA0026-e1753677638300.jpg?v=1730477611 1427w\" sizes=\"auto, (max-width: 300px) 100vw, 300px\" \/><\/p>\n","protected":false},"excerpt":{"rendered":"<p>La jornada se llevar\u00e1 a cabo en la sede del MSP desde las 8:30 a.m. *Santo Domingo R.D-* Con motivo de la conmemoraci\u00f3n del D\u00eda Mundial contra la Hepatitis, el Ministerio de Salud, a trav\u00e9s del Programa de ITS, VIH y Hepatitis, llevar\u00e1 a cabo una jornada de tamizaje y vacunaci\u00f3n contra la hepatitis B [&hellip;]<\/p>\n","protected":false},"author":6,"featured_media":2004,"comment_status":"open","ping_status":"open","sticky":false,"template":"","format":"standard","meta":{"om_disable_all_campaigns":false,"_monsterinsights_skip_tracking":false,"_monsterinsights_sitenote_active":false,"_monsterinsights_sitenote_note":"","_monsterinsights_sitenote_category":0,"footnotes":""},"categories":[1],"tags":[],"class_list":{"0":"post-3793","1":"post","2":"type-post","3":"status-publish","4":"format-standard","5":"has-post-thumbnail","7":"category-nacionales"},"aioseo_notices":[],"_links":{"self":[{"href":"https:\/\/periodicolarepublica.com\/index.php\/wp-json\/wp\/v2\/posts\/3793","targetHints":{"allow":["GET"]}}],"collection":[{"href":"https:\/\/periodicolarepublica.com\/index.php\/wp-json\/wp\/v2\/posts"}],"about":[{"href":"https:\/\/periodicolarepublica.com\/index.php\/wp-json\/wp\/v2\/types\/post"}],"author":[{"embeddable":true,"href":"https:\/\/periodicolarepublica.com\/index.php\/wp-json\/wp\/v2\/users\/6"}],"replies":[{"embeddable":true,"href":"https:\/\/periodicolarepublica.com\/index.php\/wp-json\/wp\/v2\/comments?post=3793"}],"version-history":[{"count":1,"href":"https:\/\/periodicolarepublica.com\/index.php\/wp-json\/wp\/v2\/posts\/3793\/revisions"}],"predecessor-version":[{"id":3794,"href":"https:\/\/periodicolarepublica.com\/index.php\/wp-json\/wp\/v2\/posts\/3793\/revisions\/3794"}],"wp:featuredmedia":[{"embeddable":true,"href":"https:\/\/periodicolarepublica.com\/index.php\/wp-json\/wp\/v2\/media\/2004"}],"wp:attachment":[{"href":"https:\/\/periodicolarepublica.com\/index.php\/wp-json\/wp\/v2\/media?parent=3793"}],"wp:term":[{"taxonomy":"category","embeddable":true,"href":"https:\/\/periodicolarepublica.com\/index.php\/wp-json\/wp\/v2\/categories?post=3793"},{"taxonomy":"post_tag","embeddable":true,"href":"https:\/\/periodicolarepublica.com\/index.php\/wp-json\/wp\/v2\/tags?post=3793"}],"curies":[{"name":"wp","href":"https:\/\/api.w.org\/{rel}","templated":true}]}}