{"id":3795,"date":"2025-07-28T15:56:41","date_gmt":"2025-07-28T13:56:41","guid":{"rendered":"https:\/\/periodicolarepublica.com\/?p=3795"},"modified":"2025-07-28T15:56:41","modified_gmt":"2025-07-28T13:56:41","slug":"turismo-en-cada-rincon-se-dejara-sentir-en-la-provincia-de-dajabon","status":"publish","type":"post","link":"https:\/\/periodicolarepublica.com\/index.php\/2025\/07\/28\/turismo-en-cada-rincon-se-dejara-sentir-en-la-provincia-de-dajabon\/","title":{"rendered":"Turismo en Cada Rinc\u00f3n se dejar\u00e1 sentir en la provincia de Dajab\u00f3n."},"content":{"rendered":"<p>Turismo en Cada Rinc\u00f3n se dejar\u00e1 sentir en la provincia de Dajab\u00f3n<\/p>\n<p>Dajab\u00f3n, RD. \u2013 La provincia de Dajab\u00f3n ser\u00e1 la nueva protagonista de \u201cTurismo en Cada Rinc\u00f3n\u201d, los d\u00edas 02 y 03 de agosto del presente a\u00f1o, una plataforma impulsada por el Ministerio de Turismo para la promoci\u00f3n y fomento al turismo interno.<\/p>\n<p>Esta acci\u00f3n tiene como objetivo articular todas las ofertas tur\u00edsticas de la comunidad, integrando los sectores que componen la provincia de Dajab\u00f3n, resaltando sus atractivos tur\u00edsticos y el potencial del destino.<\/p>\n<p>Turismo en Cada Rinc\u00f3n implementa una estrategia integral para dar visibilidad a nivel local y promover, tanto nacional como internacionalmente, los principales atractivos tur\u00edsticos, culturales e hist\u00f3ricos de la provincia. Esto incluye ecoturismo, historia, culinaria y la cultura que caracteriza la provincia.<\/p>\n<p>El evento tambi\u00e9n promete tener un impacto significativo en la econom\u00eda naranja, beneficiando sectores como el transporte, la agricultura, el hoteler\u00eda, el comercio, as\u00ed como la industria de alimentos y bebidas de las localidades participantes.<\/p>\n<p><img loading=\"lazy\" decoding=\"async\" class=\"alignnone size-medium wp-image-3798\" src=\"https:\/\/periodicolarepublica.com\/wp-content\/uploads\/2025\/07\/TCR-DAJABON-e1753710958962-300x244.png\" alt=\"\" width=\"300\" height=\"244\" srcset=\"https:\/\/periodicolarepublica.com\/wp-content\/uploads\/2025\/07\/TCR-DAJABON-e1753710958962-300x244.png 300w, https:\/\/periodicolarepublica.com\/wp-content\/uploads\/2025\/07\/TCR-DAJABON-e1753710958962-768x623.png 768w, https:\/\/periodicolarepublica.com\/wp-content\/uploads\/2025\/07\/TCR-DAJABON-e1753710958962-150x122.png 150w, https:\/\/periodicolarepublica.com\/wp-content\/uploads\/2025\/07\/TCR-DAJABON-e1753710958962-600x487.png 600w, https:\/\/periodicolarepublica.com\/wp-content\/uploads\/2025\/07\/TCR-DAJABON-e1753710958962-696x565.png 696w, https:\/\/periodicolarepublica.com\/wp-content\/uploads\/2025\/07\/TCR-DAJABON-e1753710958962.png 813w\" sizes=\"auto, (max-width: 300px) 100vw, 300px\" \/><\/p>\n","protected":false},"excerpt":{"rendered":"<p>Turismo en Cada Rinc\u00f3n se dejar\u00e1 sentir en la provincia de Dajab\u00f3n Dajab\u00f3n, RD. \u2013 La provincia de Dajab\u00f3n ser\u00e1 la nueva protagonista de \u201cTurismo en Cada Rinc\u00f3n\u201d, los d\u00edas 02 y 03 de agosto del presente a\u00f1o, una plataforma impulsada por el Ministerio de Turismo para la promoci\u00f3n y fomento al turismo interno. Esta [&hellip;]<\/p>\n","protected":false},"author":6,"featured_media":3798,"comment_status":"open","ping_status":"open","sticky":false,"template":"","format":"standard","meta":{"om_disable_all_campaigns":false,"_monsterinsights_skip_tracking":false,"_monsterinsights_sitenote_active":false,"_monsterinsights_sitenote_note":"","_monsterinsights_sitenote_category":0,"footnotes":""},"categories":[1,20],"tags":[446],"class_list":{"0":"post-3795","1":"post","2":"type-post","3":"status-publish","4":"format-standard","5":"has-post-thumbnail","7":"category-nacionales","8":"category-turismo","9":"tag-turismo-en-cada-rincon"},"aioseo_notices":[],"_links":{"self":[{"href":"https:\/\/periodicolarepublica.com\/index.php\/wp-json\/wp\/v2\/posts\/3795","targetHints":{"allow":["GET"]}}],"collection":[{"href":"https:\/\/periodicolarepublica.com\/index.php\/wp-json\/wp\/v2\/posts"}],"about":[{"href":"https:\/\/periodicolarepublica.com\/index.php\/wp-json\/wp\/v2\/types\/post"}],"author":[{"embeddable":true,"href":"https:\/\/periodicolarepublica.com\/index.php\/wp-json\/wp\/v2\/users\/6"}],"replies":[{"embeddable":true,"href":"https:\/\/periodicolarepublica.com\/index.php\/wp-json\/wp\/v2\/comments?post=3795"}],"version-history":[{"count":1,"href":"https:\/\/periodicolarepublica.com\/index.php\/wp-json\/wp\/v2\/posts\/3795\/revisions"}],"predecessor-version":[{"id":3799,"href":"https:\/\/periodicolarepublica.com\/index.php\/wp-json\/wp\/v2\/posts\/3795\/revisions\/3799"}],"wp:featuredmedia":[{"embeddable":true,"href":"https:\/\/periodicolarepublica.com\/index.php\/wp-json\/wp\/v2\/media\/3798"}],"wp:attachment":[{"href":"https:\/\/periodicolarepublica.com\/index.php\/wp-json\/wp\/v2\/media?parent=3795"}],"wp:term":[{"taxonomy":"category","embeddable":true,"href":"https:\/\/periodicolarepublica.com\/index.php\/wp-json\/wp\/v2\/categories?post=3795"},{"taxonomy":"post_tag","embeddable":true,"href":"https:\/\/periodicolarepublica.com\/index.php\/wp-json\/wp\/v2\/tags?post=3795"}],"curies":[{"name":"wp","href":"https:\/\/api.w.org\/{rel}","templated":true}]}}