{"id":3796,"date":"2025-07-28T15:45:38","date_gmt":"2025-07-28T13:45:38","guid":{"rendered":"https:\/\/periodicolarepublica.com\/?p=3796"},"modified":"2025-07-28T15:45:38","modified_gmt":"2025-07-28T13:45:38","slug":"hernandez-alberto-destaca-legado-de-abinader-en-infraestructura-nacional","status":"publish","type":"post","link":"https:\/\/periodicolarepublica.com\/index.php\/2025\/07\/28\/hernandez-alberto-destaca-legado-de-abinader-en-infraestructura-nacional\/","title":{"rendered":"Hern\u00e1ndez Alberto destaca legado de Abinader en infraestructura nacional"},"content":{"rendered":"<p>SANTO DOMINGO. \u2013 El dirigente del movimiento Poder P\u2019AL Pueblo, Tom\u00e1s Hern\u00e1ndez Alberto, destac\u00f3 este domingo el impacto hist\u00f3rico de la gesti\u00f3n del presidente Luis Abinader en materia de infraestructura, subrayando que su Gobierno ha transformado sectores importantes para el desarrollo econ\u00f3mico y social del pa\u00eds.<\/p>\n<p>&nbsp;<\/p>\n<p>&nbsp;<\/p>\n<p>Hern\u00e1ndez Alberto se\u00f1al\u00f3 que entre 2021 y 2025, la administraci\u00f3n del presidente Abinader ha entregado m\u00e1s de 1,350 obras a nivel nacional, abarcando \u00e1reas prioritarias como el transporte, la salud, la educaci\u00f3n, el acceso al agua potable, la energ\u00eda y el desarrollo regional.<\/p>\n<p>&nbsp;<\/p>\n<p>&nbsp;<\/p>\n<p>\u201cEste Gobierno no solo ha construido cemento, ha construido progreso. Ha llevado esperanza a cada rinc\u00f3n del pa\u00eds, conectando comunidades, fortaleciendo servicios y sembrando desarrollo donde antes hab\u00eda abandono\u201d, afirm\u00f3 el l\u00edder pol\u00edtico.<\/p>\n<p>&nbsp;<\/p>\n<p>&nbsp;<\/p>\n<p>Entre los proyectos m\u00e1s emblem\u00e1ticos resalt\u00f3 el Metro de Santiago, el Monorriel y un amplio conjunto de obras viales que est\u00e1n modernizando el sistema de transporte en todo el territorio nacional, mejorando la movilidad urbana y generando un impacto positivo a largo plazo.<\/p>\n<p>&nbsp;<\/p>\n<p>&nbsp;<\/p>\n<p>\u201cEstas obras no son promesas, son realidades que ya est\u00e1n cambiando la vida de los dominicanos. Y lo m\u00e1s importante: muchas de ellas seguir\u00e1n impactando al pa\u00eds en los pr\u00f3ximos a\u00f1os\u201d, enfatiz\u00f3 Hern\u00e1ndez Alberto.<\/p>\n<p>&nbsp;<\/p>\n<p>Con estas declaraciones, el dirigente destac\u00f3 su respaldo al presidente Luis Abinader, reconociendo su compromiso con una Rep\u00fablica Dominicana m\u00e1s moderna, interconectada y con igualdad de oportunidades para todos los ciudadanos.<img loading=\"lazy\" decoding=\"async\" class=\"size-medium wp-image-3453 alignright\" src=\"https:\/\/periodicolarepublica.com\/wp-content\/uploads\/2025\/06\/IMG_20250623_194301-300x179.jpg\" alt=\"\" width=\"300\" height=\"179\" srcset=\"https:\/\/periodicolarepublica.com\/wp-content\/uploads\/2025\/06\/IMG_20250623_194301-300x179.jpg?v=1750722327 300w, https:\/\/periodicolarepublica.com\/wp-content\/uploads\/2025\/06\/IMG_20250623_194301-1024x610.jpg?v=1750722327 1024w, https:\/\/periodicolarepublica.com\/wp-content\/uploads\/2025\/06\/IMG_20250623_194301-768x457.jpg?v=1750722327 768w, https:\/\/periodicolarepublica.com\/wp-content\/uploads\/2025\/06\/IMG_20250623_194301-150x89.jpg?v=1750722327 150w, https:\/\/periodicolarepublica.com\/wp-content\/uploads\/2025\/06\/IMG_20250623_194301-600x357.jpg?v=1750722327 600w, https:\/\/periodicolarepublica.com\/wp-content\/uploads\/2025\/06\/IMG_20250623_194301-696x414.jpg?v=1750722327 696w, https:\/\/periodicolarepublica.com\/wp-content\/uploads\/2025\/06\/IMG_20250623_194301.jpg?v=1750722327 1045w\" sizes=\"auto, (max-width: 300px) 100vw, 300px\" \/><\/p>\n","protected":false},"excerpt":{"rendered":"<p>SANTO DOMINGO. \u2013 El dirigente del movimiento Poder P\u2019AL Pueblo, Tom\u00e1s Hern\u00e1ndez Alberto, destac\u00f3 este domingo el impacto hist\u00f3rico de la gesti\u00f3n del presidente Luis Abinader en materia de infraestructura, subrayando que su Gobierno ha transformado sectores importantes para el desarrollo econ\u00f3mico y social del pa\u00eds. &nbsp; &nbsp; Hern\u00e1ndez Alberto se\u00f1al\u00f3 que entre 2021 y [&hellip;]<\/p>\n","protected":false},"author":10,"featured_media":3453,"comment_status":"open","ping_status":"open","sticky":false,"template":"","format":"standard","meta":{"om_disable_all_campaigns":false,"_monsterinsights_skip_tracking":false,"_monsterinsights_sitenote_active":false,"_monsterinsights_sitenote_note":"","_monsterinsights_sitenote_category":0,"footnotes":""},"categories":[127],"tags":[],"class_list":{"0":"post-3796","1":"post","2":"type-post","3":"status-publish","4":"format-standard","5":"has-post-thumbnail","7":"category-politica"},"aioseo_notices":[],"_links":{"self":[{"href":"https:\/\/periodicolarepublica.com\/index.php\/wp-json\/wp\/v2\/posts\/3796","targetHints":{"allow":["GET"]}}],"collection":[{"href":"https:\/\/periodicolarepublica.com\/index.php\/wp-json\/wp\/v2\/posts"}],"about":[{"href":"https:\/\/periodicolarepublica.com\/index.php\/wp-json\/wp\/v2\/types\/post"}],"author":[{"embeddable":true,"href":"https:\/\/periodicolarepublica.com\/index.php\/wp-json\/wp\/v2\/users\/10"}],"replies":[{"embeddable":true,"href":"https:\/\/periodicolarepublica.com\/index.php\/wp-json\/wp\/v2\/comments?post=3796"}],"version-history":[{"count":1,"href":"https:\/\/periodicolarepublica.com\/index.php\/wp-json\/wp\/v2\/posts\/3796\/revisions"}],"predecessor-version":[{"id":3797,"href":"https:\/\/periodicolarepublica.com\/index.php\/wp-json\/wp\/v2\/posts\/3796\/revisions\/3797"}],"wp:featuredmedia":[{"embeddable":true,"href":"https:\/\/periodicolarepublica.com\/index.php\/wp-json\/wp\/v2\/media\/3453"}],"wp:attachment":[{"href":"https:\/\/periodicolarepublica.com\/index.php\/wp-json\/wp\/v2\/media?parent=3796"}],"wp:term":[{"taxonomy":"category","embeddable":true,"href":"https:\/\/periodicolarepublica.com\/index.php\/wp-json\/wp\/v2\/categories?post=3796"},{"taxonomy":"post_tag","embeddable":true,"href":"https:\/\/periodicolarepublica.com\/index.php\/wp-json\/wp\/v2\/tags?post=3796"}],"curies":[{"name":"wp","href":"https:\/\/api.w.org\/{rel}","templated":true}]}}