{"id":3800,"date":"2025-07-28T20:44:50","date_gmt":"2025-07-28T18:44:50","guid":{"rendered":"https:\/\/periodicolarepublica.com\/?p=3800"},"modified":"2025-07-28T20:44:50","modified_gmt":"2025-07-28T18:44:50","slug":"circe-almanzar-pide-la-promulgacion-de-la-ley-de-residuos-solidos","status":"publish","type":"post","link":"https:\/\/periodicolarepublica.com\/index.php\/2025\/07\/28\/circe-almanzar-pide-la-promulgacion-de-la-ley-de-residuos-solidos\/","title":{"rendered":"Circe Alm\u00e1nzar pide la promulgaci\u00f3n de la Ley de Residuos S\u00f3lidos"},"content":{"rendered":"<p>Santo Domingo R.D. La expresidenta de la Asociaci\u00f3n de Industriales de la Rep\u00fablica Dominicana, destacada dirigente empresarial Circe Alm\u00e1nzar exhorta al poder ejecutivo promulgar la Ley General de Gesti\u00f3n Integral y Coprocesamiento de Residuos S\u00f3lidos en Rep\u00fablica Dominicana.<\/p>\n<p>&nbsp;<\/p>\n<p>Alm\u00e1nzar califica como positivo el esfuerzo realizado por la C\u00e1mara de Diputados para lograr un consenso en torno al proyecto de ley que modifica la Ley de Residuos S\u00f3lidos y Coprocesamiento, que luego fue respaldado por el Senado de la Rep\u00fablica.<\/p>\n<p>&nbsp;<\/p>\n<p>Alm\u00e1nzar, que tambi\u00e9n es asesora en materia de gesti\u00f3n de residuos s\u00f3lidos, explic\u00f3 que \u201cLa voluntad de di\u00e1logo y apertura permiti\u00f3 atender de manera responsable las preocupaciones expresadas por el sector empresarial, particularmente en lo relativo a la moderaci\u00f3n de la contribuci\u00f3n anual de las empresas, lo que representa un avance en la construcci\u00f3n de una pol\u00edtica ambiental equilibrada y sostenible\u201d, se\u00f1al\u00f3.<\/p>\n<p>&nbsp;<\/p>\n<p>Agrega que, en cuanto a los porcentajes obligatorios de utilizaci\u00f3n de residuos en materiales, reconoci\u00f3 como un paso prudente que estos hayan sido remitidos a normativas t\u00e9cnicas posteriores.<\/p>\n<p>&nbsp;<\/p>\n<p>\u201cEstas normativas deber\u00e1n ser construidas mediante un proceso participativo y transparente entre los actores involucrados y el Ministerio de Medio Ambiente, garantizando as\u00ed criterios t\u00e9cnicos y consensuados para su aplicaci\u00f3n\u201d, a\u00f1adi\u00f3.<\/p>\n<p>&nbsp;<\/p>\n<p>Alm\u00e1nzar aclar\u00f3 que la nueva definici\u00f3n y distancia establecida en la ley aprobada para las plantas de valorizaci\u00f3n \u00fanicamente aplica a aquellas instalaciones destinadas a la clasificaci\u00f3n y separaci\u00f3n de residuos s\u00f3lidos urbanos y de manejo especial.<\/p>\n<p>&nbsp;<\/p>\n<p>Esta disposici\u00f3n no afecta a las plantas de valorizaci\u00f3n enfocadas exclusivamente en residuos prioritarios, las cuales contin\u00faan regul\u00e1ndose conforme a lo establecido en la ley vigente.<\/p>\n<p>&nbsp;<\/p>\n<p>De igual forma destac\u00f3 que, conforme a la legislaci\u00f3n actualmente en vigor, la recolecci\u00f3n de residuos s\u00f3lidos en los establecimientos est\u00e1 reservada a los gestores autorizados, entre ellos los ayuntamientos y distritos municipales.<\/p>\n<p>&nbsp;<\/p>\n<p>Esta disposici\u00f3n viene a fortalecerse el marco legal existente en materia de manejo y recolecci\u00f3n de residuos y aportar al cuidado del medioambiente y recursos naturales.<\/p>\n<p>&nbsp;<\/p>\n<p>Finalmente se\u00f1al\u00f3 que, despu\u00e9s del esfuerzo de consenso realizado por ambas c\u00e1maras legislativas, la ley debe ser promulgada por el Poder Ejecutivo.<img loading=\"lazy\" decoding=\"async\" class=\"size-medium wp-image-3801 alignright\" src=\"https:\/\/periodicolarepublica.com\/wp-content\/uploads\/2025\/07\/IMG-20250728-WA0423-300x192.jpg\" alt=\"\" width=\"300\" height=\"192\" srcset=\"https:\/\/periodicolarepublica.com\/wp-content\/uploads\/2025\/07\/IMG-20250728-WA0423-300x192.jpg?v=1753728273 300w, https:\/\/periodicolarepublica.com\/wp-content\/uploads\/2025\/07\/IMG-20250728-WA0423-768x492.jpg?v=1753728273 768w, https:\/\/periodicolarepublica.com\/wp-content\/uploads\/2025\/07\/IMG-20250728-WA0423-150x96.jpg?v=1753728273 150w, https:\/\/periodicolarepublica.com\/wp-content\/uploads\/2025\/07\/IMG-20250728-WA0423-600x384.jpg?v=1753728273 600w, https:\/\/periodicolarepublica.com\/wp-content\/uploads\/2025\/07\/IMG-20250728-WA0423-696x445.jpg?v=1753728273 696w, https:\/\/periodicolarepublica.com\/wp-content\/uploads\/2025\/07\/IMG-20250728-WA0423.jpg?v=1753728273 900w\" sizes=\"auto, (max-width: 300px) 100vw, 300px\" \/><\/p>\n","protected":false},"excerpt":{"rendered":"<p>Santo Domingo R.D. La expresidenta de la Asociaci\u00f3n de Industriales de la Rep\u00fablica Dominicana, destacada dirigente empresarial Circe Alm\u00e1nzar exhorta al poder ejecutivo promulgar la Ley General de Gesti\u00f3n Integral y Coprocesamiento de Residuos S\u00f3lidos en Rep\u00fablica Dominicana. &nbsp; Alm\u00e1nzar califica como positivo el esfuerzo realizado por la C\u00e1mara de Diputados para lograr un consenso [&hellip;]<\/p>\n","protected":false},"author":10,"featured_media":3801,"comment_status":"open","ping_status":"open","sticky":false,"template":"","format":"standard","meta":{"om_disable_all_campaigns":false,"_monsterinsights_skip_tracking":false,"_monsterinsights_sitenote_active":false,"_monsterinsights_sitenote_note":"","_monsterinsights_sitenote_category":0,"footnotes":""},"categories":[1],"tags":[],"class_list":{"0":"post-3800","1":"post","2":"type-post","3":"status-publish","4":"format-standard","5":"has-post-thumbnail","7":"category-nacionales"},"aioseo_notices":[],"_links":{"self":[{"href":"https:\/\/periodicolarepublica.com\/index.php\/wp-json\/wp\/v2\/posts\/3800","targetHints":{"allow":["GET"]}}],"collection":[{"href":"https:\/\/periodicolarepublica.com\/index.php\/wp-json\/wp\/v2\/posts"}],"about":[{"href":"https:\/\/periodicolarepublica.com\/index.php\/wp-json\/wp\/v2\/types\/post"}],"author":[{"embeddable":true,"href":"https:\/\/periodicolarepublica.com\/index.php\/wp-json\/wp\/v2\/users\/10"}],"replies":[{"embeddable":true,"href":"https:\/\/periodicolarepublica.com\/index.php\/wp-json\/wp\/v2\/comments?post=3800"}],"version-history":[{"count":1,"href":"https:\/\/periodicolarepublica.com\/index.php\/wp-json\/wp\/v2\/posts\/3800\/revisions"}],"predecessor-version":[{"id":3802,"href":"https:\/\/periodicolarepublica.com\/index.php\/wp-json\/wp\/v2\/posts\/3800\/revisions\/3802"}],"wp:featuredmedia":[{"embeddable":true,"href":"https:\/\/periodicolarepublica.com\/index.php\/wp-json\/wp\/v2\/media\/3801"}],"wp:attachment":[{"href":"https:\/\/periodicolarepublica.com\/index.php\/wp-json\/wp\/v2\/media?parent=3800"}],"wp:term":[{"taxonomy":"category","embeddable":true,"href":"https:\/\/periodicolarepublica.com\/index.php\/wp-json\/wp\/v2\/categories?post=3800"},{"taxonomy":"post_tag","embeddable":true,"href":"https:\/\/periodicolarepublica.com\/index.php\/wp-json\/wp\/v2\/tags?post=3800"}],"curies":[{"name":"wp","href":"https:\/\/api.w.org\/{rel}","templated":true}]}}