{"id":3804,"date":"2025-07-30T18:52:53","date_gmt":"2025-07-30T16:52:53","guid":{"rendered":"https:\/\/periodicolarepublica.com\/?p=3804"},"modified":"2025-07-30T18:52:53","modified_gmt":"2025-07-30T16:52:53","slug":"carolina-trabaja-simultaneamente-en-importantes-obras-para-la-capital","status":"publish","type":"post","link":"https:\/\/periodicolarepublica.com\/index.php\/2025\/07\/30\/carolina-trabaja-simultaneamente-en-importantes-obras-para-la-capital\/","title":{"rendered":"Carolina trabaja simult\u00e1neamente en importantes obras para la capital"},"content":{"rendered":"<p>Santo Domingo, DN \u2013 Carolina Mej\u00eda trabaja simult\u00e1neamente en importantes obras para impulsar el bienestar de los capitale\u00f1os, a trav\u00e9s la recuperaci\u00f3n de espacios que representan la renovaci\u00f3n urbana durante su gesti\u00f3n.<\/p>\n<p>As\u00ed se pudo comprobar durante un recorrido en el que se constat\u00f3 el despliegue de obreros y maquinarias pesadas en el Malec\u00f3n Deportivo, realizando excavaciones, construyendo gradas y delimitando espacios en esta gran obra que forma parte del Plan Integrado de Santo Domingo, y que servir\u00e1 de escenario para los Juegos Centroamericanos y del Caribe 2026.<\/p>\n<p>Tambi\u00e9n iniciaron los trabajos del Bulevar Pedro Livio Cede\u00f1o, donde se realizar\u00e1n mejoras estructurales, paisaj\u00edsticas y de uso recreativo, beneficiando a sectores circundantes como Villas Agr\u00edcolas y el ensanche Luper\u00f3n.<\/p>\n<p>Para la transformaci\u00f3n de las marginales de la avenida Pedro Livio Cede\u00f1o, ya han avanzado los trabajos en la primera etapa, que comprende desde la Juan Pablo Duarte hasta la Padre Castellanos.<\/p>\n<p>En otro tenor, los parques siguen siendo la estampa de la gesti\u00f3n que encabeza Carolina en la Alcald\u00eda del Distrito Nacional, recuperando alrededor de 200 espacios en cinco a\u00f1os de gesti\u00f3n. La semana pasada se inaugur\u00f3 el parque Are\u00edto, un minipulm\u00f3n verde del que ya pueden disfrutar los capitale\u00f1os.<\/p>\n<p>El proceso de remozamiento del parque Cuba, ubicado en el sector Los Cacicazgos, muestra estado avanzado en la construcci\u00f3n, cuyo anfiteatro est\u00e1 siendo finalizado y sus caminos interiores y aceras est\u00e1n avanzados.<\/p>\n<p>Por otro lado, en el parque Ofelia los caminos internos est\u00e1n hechos y los postes y luminarias instalados. Adem\u00e1s, una cuenta con una verja perimetral en el \u00e1rea que la amerita.<\/p>\n<p>Estas importantes obras reconfirman el compromiso de Mej\u00eda con seguir la transformaci\u00f3n de Santo Domingo.<\/p>\n<p><img loading=\"lazy\" decoding=\"async\" class=\"alignnone size-medium wp-image-3805\" src=\"https:\/\/periodicolarepublica.com\/wp-content\/uploads\/2025\/07\/IMG-20250730-WA0041-300x200.jpg\" alt=\"\" width=\"300\" height=\"200\" srcset=\"https:\/\/periodicolarepublica.com\/wp-content\/uploads\/2025\/07\/IMG-20250730-WA0041-300x200.jpg 300w, https:\/\/periodicolarepublica.com\/wp-content\/uploads\/2025\/07\/IMG-20250730-WA0041-1024x682.jpg 1024w, https:\/\/periodicolarepublica.com\/wp-content\/uploads\/2025\/07\/IMG-20250730-WA0041-768x512.jpg 768w, https:\/\/periodicolarepublica.com\/wp-content\/uploads\/2025\/07\/IMG-20250730-WA0041-1536x1024.jpg 1536w, https:\/\/periodicolarepublica.com\/wp-content\/uploads\/2025\/07\/IMG-20250730-WA0041-2048x1365.jpg 2048w, https:\/\/periodicolarepublica.com\/wp-content\/uploads\/2025\/07\/IMG-20250730-WA0041-150x100.jpg 150w, https:\/\/periodicolarepublica.com\/wp-content\/uploads\/2025\/07\/IMG-20250730-WA0041-600x400.jpg 600w, https:\/\/periodicolarepublica.com\/wp-content\/uploads\/2025\/07\/IMG-20250730-WA0041-696x464.jpg 696w, https:\/\/periodicolarepublica.com\/wp-content\/uploads\/2025\/07\/IMG-20250730-WA0041-1392x928.jpg 1392w, https:\/\/periodicolarepublica.com\/wp-content\/uploads\/2025\/07\/IMG-20250730-WA0041-1068x712.jpg 1068w, https:\/\/periodicolarepublica.com\/wp-content\/uploads\/2025\/07\/IMG-20250730-WA0041-1920x1280.jpg 1920w\" sizes=\"auto, (max-width: 300px) 100vw, 300px\" \/><\/p>\n","protected":false},"excerpt":{"rendered":"<p>Santo Domingo, DN \u2013 Carolina Mej\u00eda trabaja simult\u00e1neamente en importantes obras para impulsar el bienestar de los capitale\u00f1os, a trav\u00e9s la recuperaci\u00f3n de espacios que representan la renovaci\u00f3n urbana durante su gesti\u00f3n. As\u00ed se pudo comprobar durante un recorrido en el que se constat\u00f3 el despliegue de obreros y maquinarias pesadas en el Malec\u00f3n Deportivo, [&hellip;]<\/p>\n","protected":false},"author":6,"featured_media":3805,"comment_status":"open","ping_status":"open","sticky":false,"template":"","format":"standard","meta":{"om_disable_all_campaigns":false,"_monsterinsights_skip_tracking":false,"_monsterinsights_sitenote_active":false,"_monsterinsights_sitenote_note":"","_monsterinsights_sitenote_category":0,"footnotes":""},"categories":[1],"tags":[],"class_list":{"0":"post-3804","1":"post","2":"type-post","3":"status-publish","4":"format-standard","5":"has-post-thumbnail","7":"category-nacionales"},"aioseo_notices":[],"_links":{"self":[{"href":"https:\/\/periodicolarepublica.com\/index.php\/wp-json\/wp\/v2\/posts\/3804","targetHints":{"allow":["GET"]}}],"collection":[{"href":"https:\/\/periodicolarepublica.com\/index.php\/wp-json\/wp\/v2\/posts"}],"about":[{"href":"https:\/\/periodicolarepublica.com\/index.php\/wp-json\/wp\/v2\/types\/post"}],"author":[{"embeddable":true,"href":"https:\/\/periodicolarepublica.com\/index.php\/wp-json\/wp\/v2\/users\/6"}],"replies":[{"embeddable":true,"href":"https:\/\/periodicolarepublica.com\/index.php\/wp-json\/wp\/v2\/comments?post=3804"}],"version-history":[{"count":1,"href":"https:\/\/periodicolarepublica.com\/index.php\/wp-json\/wp\/v2\/posts\/3804\/revisions"}],"predecessor-version":[{"id":3806,"href":"https:\/\/periodicolarepublica.com\/index.php\/wp-json\/wp\/v2\/posts\/3804\/revisions\/3806"}],"wp:featuredmedia":[{"embeddable":true,"href":"https:\/\/periodicolarepublica.com\/index.php\/wp-json\/wp\/v2\/media\/3805"}],"wp:attachment":[{"href":"https:\/\/periodicolarepublica.com\/index.php\/wp-json\/wp\/v2\/media?parent=3804"}],"wp:term":[{"taxonomy":"category","embeddable":true,"href":"https:\/\/periodicolarepublica.com\/index.php\/wp-json\/wp\/v2\/categories?post=3804"},{"taxonomy":"post_tag","embeddable":true,"href":"https:\/\/periodicolarepublica.com\/index.php\/wp-json\/wp\/v2\/tags?post=3804"}],"curies":[{"name":"wp","href":"https:\/\/api.w.org\/{rel}","templated":true}]}}