{"id":3824,"date":"2025-08-02T17:24:01","date_gmt":"2025-08-02T15:24:01","guid":{"rendered":"https:\/\/periodicolarepublica.com\/?p=3824"},"modified":"2025-08-02T17:24:01","modified_gmt":"2025-08-02T15:24:01","slug":"ministro-joel-santos-anuncia-seni-alcanzo-anoche-record-historico-de-demanda-abastecida","status":"publish","type":"post","link":"https:\/\/periodicolarepublica.com\/index.php\/2025\/08\/02\/ministro-joel-santos-anuncia-seni-alcanzo-anoche-record-historico-de-demanda-abastecida\/","title":{"rendered":"Ministro Joel Santos anuncia SENI alcanz\u00f3 anoche r\u00e9cord hist\u00f3rico de demanda abastecida"},"content":{"rendered":"<p>El titular de Energ\u00eda y Minas precis\u00f3 que este viernes se present\u00f3 un pico de demanda de 3.896.10 MW_<\/p>\n<p>SANTO DOMINGO.* El ministro de Energ\u00eda y Minas, Joel Santos, inform\u00f3, a trav\u00e9s de su cuenta en la red social X (anteriormente Twitter), que el Sistema El\u00e9ctrico Nacional Interconectado (SENI) alcanz\u00f3 un nuevo r\u00e9cord hist\u00f3rico de demanda abastecida, con un pico de 3,896.10 megavatios (MW), a las 10:00 de la noche de este viernes.<\/p>\n<p>&nbsp;<\/p>\n<p>\u201cNuestro sistema el\u00e9ctrico sigue mostrando cada vez m\u00e1s resiliencia, con una matriz de generaci\u00f3n cada vez m\u00e1s diversificada\u201d, destac\u00f3 el ministro, al resaltar la capacidad del SENI para suplir la creciente demanda energ\u00e9tica del pa\u00eds.<\/p>\n<p>&nbsp;<\/p>\n<p>Este nuevo hito refleja los avances sostenidos en materia de generaci\u00f3n, transmisi\u00f3n, distribuci\u00f3n y planificaci\u00f3n energ\u00e9tica que ha venido desarrollando el Gobierno dominicano, enfocado en garantizar un suministro el\u00e9ctrico estable, eficiente y ambientalmente sostenible.<\/p>\n<p>&nbsp;<\/p>\n<p>El r\u00e9cord anterior de demanda abastecida rondaba los 3,866 MW y hab\u00eda sido registrado en octubre de 2024. El aumento obedece al crecimiento del consumo residencial y comercial en plena temporada de altas temperaturas, as\u00ed como al fortalecimiento progresivo de la infraestructura de distribuci\u00f3n el\u00e9ctrica Nacional.<\/p>\n<p>&nbsp;<\/p>\n<p>El SENI es el Sistema El\u00e9ctrico Nacional Interconectado y est\u00e1 compuesto por el sistema de generaci\u00f3n, l\u00edneas de transmisi\u00f3n y centros de distribuci\u00f3n que suministran electricidad a casi la totalidad del territorio nacional.<\/p>\n<p>&nbsp;<\/p>\n<p>La resiliencia a la que hace referencia el ministro Santos est\u00e1 directamente vinculada a las inversiones recientes en todas las partes que integran el SENI, especialmente, las redes de distribuci\u00f3n.<\/p>\n<p>&nbsp;<\/p>\n<p>El Ministerio de Energ\u00eda y Minas reafirm\u00f3 su compromiso con un sistema energ\u00e9tico moderno, robusto y alineado con las metas de desarrollo sostenible que apunta a una matriz energ\u00e9tica ambientalmente m\u00e1s responsable.<\/p>\n<p>*Direcci\u00f3n de Comunicaciones*<\/p>\n<p>02 de agosto de 2025<\/p>\n<p><img loading=\"lazy\" decoding=\"async\" class=\"alignnone size-medium wp-image-2911\" src=\"https:\/\/periodicolarepublica.com\/wp-content\/uploads\/2025\/03\/fachada-MEM-1-e1751293560273-300x167.webp\" alt=\"\" width=\"300\" height=\"167\" srcset=\"https:\/\/periodicolarepublica.com\/wp-content\/uploads\/2025\/03\/fachada-MEM-1-e1751293560273-300x167.webp 300w, https:\/\/periodicolarepublica.com\/wp-content\/uploads\/2025\/03\/fachada-MEM-1-e1751293560273-1024x569.webp 1024w, https:\/\/periodicolarepublica.com\/wp-content\/uploads\/2025\/03\/fachada-MEM-1-e1751293560273-768x427.webp 768w, https:\/\/periodicolarepublica.com\/wp-content\/uploads\/2025\/03\/fachada-MEM-1-e1751293560273-150x83.webp 150w, https:\/\/periodicolarepublica.com\/wp-content\/uploads\/2025\/03\/fachada-MEM-1-e1751293560273-600x334.webp 600w, https:\/\/periodicolarepublica.com\/wp-content\/uploads\/2025\/03\/fachada-MEM-1-e1751293560273-696x387.webp 696w, https:\/\/periodicolarepublica.com\/wp-content\/uploads\/2025\/03\/fachada-MEM-1-e1751293560273-1068x594.webp 1068w, https:\/\/periodicolarepublica.com\/wp-content\/uploads\/2025\/03\/fachada-MEM-1-e1751293560273.webp 1295w\" sizes=\"auto, (max-width: 300px) 100vw, 300px\" \/><\/p>\n","protected":false},"excerpt":{"rendered":"<p>El titular de Energ\u00eda y Minas precis\u00f3 que este viernes se present\u00f3 un pico de demanda de 3.896.10 MW_ SANTO DOMINGO.* El ministro de Energ\u00eda y Minas, Joel Santos, inform\u00f3, a trav\u00e9s de su cuenta en la red social X (anteriormente Twitter), que el Sistema El\u00e9ctrico Nacional Interconectado (SENI) alcanz\u00f3 un nuevo r\u00e9cord hist\u00f3rico de [&hellip;]<\/p>\n","protected":false},"author":6,"featured_media":2911,"comment_status":"open","ping_status":"open","sticky":false,"template":"","format":"standard","meta":{"om_disable_all_campaigns":false,"_monsterinsights_skip_tracking":false,"_monsterinsights_sitenote_active":false,"_monsterinsights_sitenote_note":"","_monsterinsights_sitenote_category":0,"footnotes":""},"categories":[1],"tags":[294,295],"class_list":{"0":"post-3824","1":"post","2":"type-post","3":"status-publish","4":"format-standard","5":"has-post-thumbnail","7":"category-nacionales","8":"tag-joel-santos","9":"tag-ministerio-de-energia-y-minas"},"aioseo_notices":[],"_links":{"self":[{"href":"https:\/\/periodicolarepublica.com\/index.php\/wp-json\/wp\/v2\/posts\/3824","targetHints":{"allow":["GET"]}}],"collection":[{"href":"https:\/\/periodicolarepublica.com\/index.php\/wp-json\/wp\/v2\/posts"}],"about":[{"href":"https:\/\/periodicolarepublica.com\/index.php\/wp-json\/wp\/v2\/types\/post"}],"author":[{"embeddable":true,"href":"https:\/\/periodicolarepublica.com\/index.php\/wp-json\/wp\/v2\/users\/6"}],"replies":[{"embeddable":true,"href":"https:\/\/periodicolarepublica.com\/index.php\/wp-json\/wp\/v2\/comments?post=3824"}],"version-history":[{"count":1,"href":"https:\/\/periodicolarepublica.com\/index.php\/wp-json\/wp\/v2\/posts\/3824\/revisions"}],"predecessor-version":[{"id":3825,"href":"https:\/\/periodicolarepublica.com\/index.php\/wp-json\/wp\/v2\/posts\/3824\/revisions\/3825"}],"wp:featuredmedia":[{"embeddable":true,"href":"https:\/\/periodicolarepublica.com\/index.php\/wp-json\/wp\/v2\/media\/2911"}],"wp:attachment":[{"href":"https:\/\/periodicolarepublica.com\/index.php\/wp-json\/wp\/v2\/media?parent=3824"}],"wp:term":[{"taxonomy":"category","embeddable":true,"href":"https:\/\/periodicolarepublica.com\/index.php\/wp-json\/wp\/v2\/categories?post=3824"},{"taxonomy":"post_tag","embeddable":true,"href":"https:\/\/periodicolarepublica.com\/index.php\/wp-json\/wp\/v2\/tags?post=3824"}],"curies":[{"name":"wp","href":"https:\/\/api.w.org\/{rel}","templated":true}]}}