{"id":3826,"date":"2025-08-03T04:28:56","date_gmt":"2025-08-03T02:28:56","guid":{"rendered":"https:\/\/periodicolarepublica.com\/?p=3826"},"modified":"2025-08-03T04:28:56","modified_gmt":"2025-08-03T02:28:56","slug":"robert-polanco-afirma-gobierno-devuelve-en-servicios-lo-que-la-gente-paga-en-impuestos","status":"publish","type":"post","link":"https:\/\/periodicolarepublica.com\/index.php\/2025\/08\/03\/robert-polanco-afirma-gobierno-devuelve-en-servicios-lo-que-la-gente-paga-en-impuestos\/","title":{"rendered":"Robert Polanco afirma Gobierno devuelve en servicios lo que la gente paga en impuestos"},"content":{"rendered":"<p>El director de Propeep se expres\u00f3 en esos t\u00e9rminos al encabezar una jornada de inclusi\u00f3n social \u201cPrimero T\u00fa\u201d, en el distrito municipal Las Taranas, en Villa Riva, provincia Duarte<\/p>\n<p>*Las Taranas, Duarte*. -El director de Proyectos Estrat\u00e9gicos y Especiales de la Presidencia (Propeep), Robert Polanco, afirm\u00f3 este s\u00e1bado que el gobierno que encabeza el presidente Luis Abinader devuelve en servicios lo que la gente paga en impuestos.<\/p>\n<p>&nbsp;<\/p>\n<p>Al encabezar una jornada de inclusi\u00f3n social \u00abPrimero T\u00fa\u00bb, en el distrito municipal Las Taranas, de Villa Riva, provincia Duarte, Polanco destac\u00f3 que Abinader ha asumido como prioridad la atenci\u00f3n a los sectores m\u00e1s vulnerables del pa\u00eds, impulsando pol\u00edticas p\u00fablicas efectivas, inclusivas y centradas en las personas.<\/p>\n<p>&nbsp;<\/p>\n<p>\u201cEl presidente Abinader quiere que esos impuestos que ustedes pagan se les devuelvan en servicios, en soluciones reales. Por eso, cuando no hay oficinas del Estado en las comunidades, es Propeep quien articula la presencia de las instituciones p\u00fablicas, para que la gente no tenga que ir al municipio cabecera a buscar lo que necesita\u201d, expres\u00f3.<\/p>\n<p>&nbsp;<\/p>\n<p>Polanco destac\u00f3 que el objetivo del Gobierno es llevar los servicios a donde m\u00e1s se necesitan, especialmente a comunidades apartadas que no cuentan con oficinas gubernamentales.<\/p>\n<p>&nbsp;<\/p>\n<p>La jornada, en la que participaron m\u00e1s de 1,500 residentes de la zona, incluy\u00f3 servicios de salud, odontolog\u00eda, orientaci\u00f3n legal para el registro de nacimiento tard\u00edo, apoyo a embarazadas, afiliaci\u00f3n al SeNaSa, registro de adultos mayores con Conape para la pensi\u00f3n solidaria, atenci\u00f3n a personas con discapacidad a trav\u00e9s de Conadis, entre otros.<\/p>\n<p>&nbsp;<\/p>\n<p>Polanco explic\u00f3 que esas acciones son parte del programa \u201cPrimero T\u00fa\u201d, mediante el cual Propeep y otras entidades del Estado coordinan intervenciones integrales que llevan soluciones directas a los barrios y campos m\u00e1s necesitados del pa\u00eds.<\/p>\n<p>&nbsp;<\/p>\n<p>\u201cLlevar una jornada como esta no es dif\u00edcil. Basta con que un comunitario, una iglesia o una junta municipal lo solicite, y nosotros respondemos. Esta es una gesti\u00f3n cercana, que escucha, que no pone trabas y que entiende que el Estado debe estar al servicio de su gente\u201d, agreg\u00f3.<\/p>\n<p>&nbsp;<\/p>\n<p>El director de Propeep asumi\u00f3 el compromiso de responder a una solicitud hecha por la Iglesia Cat\u00f3lica local, reafirmando el compromiso del Gobierno con las organizaciones de base comunitaria y religiosas.<\/p>\n<p>&nbsp;<\/p>\n<p>Polanco reiter\u00f3 que la visi\u00f3n del presidente Abinader es clara: trabajar por los m\u00e1s humildes, los excluidos, los que carecen de recursos, pero no de dignidad, impulsando un modelo de gesti\u00f3n p\u00fablica descentralizada, transparente y enfocada en resultados tangibles para la gente.<\/p>\n<p>&nbsp;<\/p>\n<p>*Autoridades presentes*<\/p>\n<p>&nbsp;<\/p>\n<p>En el acto, Robert Polanco estuvo acompa\u00f1ado por la gobernadora provincial, Ana Xiomara Cort\u00e9s; el director de la Junta Municipal, Luis Ferm\u00edn; el dirigente comunitario H\u00e9ctor Vald\u00e9z Rosa (Kik\u00edn); la sub directora de Propeep, Yenny Chaljub; el director de Dominicana Digna, Roberto D\u00edaz; el director provincial de Propeep, Francis Rosario, y otras autoridades provinciales y municipales y representantes de diversas instituciones comunitarias y eclesi\u00e1sticas.<\/p>\n<p>*Direcci\u00f3n de Comunicaciones Propeep*<\/p>\n<p>2 de Agosto 2025<\/p>\n<p><img loading=\"lazy\" decoding=\"async\" class=\"alignnone size-medium wp-image-3638\" src=\"https:\/\/periodicolarepublica.com\/wp-content\/uploads\/2025\/07\/dZlUoEJC_400x400-300x300.jpg\" alt=\"\" width=\"300\" height=\"300\" srcset=\"https:\/\/periodicolarepublica.com\/wp-content\/uploads\/2025\/07\/dZlUoEJC_400x400-300x300.jpg 300w, https:\/\/periodicolarepublica.com\/wp-content\/uploads\/2025\/07\/dZlUoEJC_400x400-150x150.jpg 150w, https:\/\/periodicolarepublica.com\/wp-content\/uploads\/2025\/07\/dZlUoEJC_400x400.jpg 400w\" sizes=\"auto, (max-width: 300px) 100vw, 300px\" \/><\/p>\n","protected":false},"excerpt":{"rendered":"<p>El director de Propeep se expres\u00f3 en esos t\u00e9rminos al encabezar una jornada de inclusi\u00f3n social \u201cPrimero T\u00fa\u201d, en el distrito municipal Las Taranas, en Villa Riva, provincia Duarte *Las Taranas, Duarte*. -El director de Proyectos Estrat\u00e9gicos y Especiales de la Presidencia (Propeep), Robert Polanco, afirm\u00f3 este s\u00e1bado que el gobierno que encabeza el presidente [&hellip;]<\/p>\n","protected":false},"author":6,"featured_media":3638,"comment_status":"open","ping_status":"open","sticky":false,"template":"","format":"standard","meta":{"om_disable_all_campaigns":false,"_monsterinsights_skip_tracking":false,"_monsterinsights_sitenote_active":false,"_monsterinsights_sitenote_note":"","_monsterinsights_sitenote_category":0,"footnotes":""},"categories":[1],"tags":[],"class_list":{"0":"post-3826","1":"post","2":"type-post","3":"status-publish","4":"format-standard","5":"has-post-thumbnail","7":"category-nacionales"},"aioseo_notices":[],"_links":{"self":[{"href":"https:\/\/periodicolarepublica.com\/index.php\/wp-json\/wp\/v2\/posts\/3826","targetHints":{"allow":["GET"]}}],"collection":[{"href":"https:\/\/periodicolarepublica.com\/index.php\/wp-json\/wp\/v2\/posts"}],"about":[{"href":"https:\/\/periodicolarepublica.com\/index.php\/wp-json\/wp\/v2\/types\/post"}],"author":[{"embeddable":true,"href":"https:\/\/periodicolarepublica.com\/index.php\/wp-json\/wp\/v2\/users\/6"}],"replies":[{"embeddable":true,"href":"https:\/\/periodicolarepublica.com\/index.php\/wp-json\/wp\/v2\/comments?post=3826"}],"version-history":[{"count":1,"href":"https:\/\/periodicolarepublica.com\/index.php\/wp-json\/wp\/v2\/posts\/3826\/revisions"}],"predecessor-version":[{"id":3827,"href":"https:\/\/periodicolarepublica.com\/index.php\/wp-json\/wp\/v2\/posts\/3826\/revisions\/3827"}],"wp:featuredmedia":[{"embeddable":true,"href":"https:\/\/periodicolarepublica.com\/index.php\/wp-json\/wp\/v2\/media\/3638"}],"wp:attachment":[{"href":"https:\/\/periodicolarepublica.com\/index.php\/wp-json\/wp\/v2\/media?parent=3826"}],"wp:term":[{"taxonomy":"category","embeddable":true,"href":"https:\/\/periodicolarepublica.com\/index.php\/wp-json\/wp\/v2\/categories?post=3826"},{"taxonomy":"post_tag","embeddable":true,"href":"https:\/\/periodicolarepublica.com\/index.php\/wp-json\/wp\/v2\/tags?post=3826"}],"curies":[{"name":"wp","href":"https:\/\/api.w.org\/{rel}","templated":true}]}}