{"id":3831,"date":"2025-08-03T14:25:28","date_gmt":"2025-08-03T12:25:28","guid":{"rendered":"https:\/\/periodicolarepublica.com\/?p=3831"},"modified":"2025-08-03T14:25:28","modified_gmt":"2025-08-03T12:25:28","slug":"betty-geronimo-sigue-con-alcaldia-en-el-barrio-lleva-soluciones-a-sector-las-10-tareas-en-los-guaricanos","status":"publish","type":"post","link":"https:\/\/periodicolarepublica.com\/index.php\/2025\/08\/03\/betty-geronimo-sigue-con-alcaldia-en-el-barrio-lleva-soluciones-a-sector-las-10-tareas-en-los-guaricanos\/","title":{"rendered":"Betty Ger\u00f3nimo sigue con Alcald\u00eda en el Barrio lleva soluciones a sector Las 10 Tareas, en Los Guaricanos"},"content":{"rendered":"<p>Betty Ger\u00f3nimo, destac\u00f3 la inclusi\u00f3n de una jornada de vacunaci\u00f3n de perros<\/p>\n<p>Santo Domingo Norte, R.D.- La Alcald\u00eda de Santo Domingo Norte (ASDN), llev\u00f3 soluciones inmediatas a las problem\u00e1ticas que afectan a los residentes del sector Las 10 Tareas, en Los Guaricanos, a trav\u00e9s de su exitoso programa \u00abLa Alcald\u00eda en el Barrio\u00bb.<\/p>\n<p>&nbsp;<\/p>\n<p>El operativo, encabezado por la alcaldesa Betty Ger\u00f3nimo, incluy\u00f3 bacheos, cuneteos, poda de \u00e1rboles, limpieza de ca\u00f1adas, recogida de basura y eliminaci\u00f3n de vertederos improvisados.<\/p>\n<p>Adem\u00e1s, la limpieza de unos 152 pozos s\u00e9pticos, de imbornales, solares bald\u00edos y fumigaci\u00f3n.<\/p>\n<p>En conjunto con el Ministerio de la Vivienda ( MIVED) se repararon y acondicionaron 15 casas, que incluy\u00f3 cambio de madera, zinc y otros detalles.<\/p>\n<p>\u00abEl objetivo es limpiar el barrio, dejar las 10 Tareas totalmente limpia, con la intervencion de m\u00e1s de 150 pozos s\u00e9pticos, 15 casas en colaboraci\u00f3n con el Minksterio de la Vivienda (Mived), la limpieza de la ca\u00f1ada, entre otros servicios \u00ab, dijo Ger\u00f3nimo.<\/p>\n<p>A trav\u00e9s de la jornada, tambi\u00e9n se remoz\u00f3 una cancha de baloncesto, para que los j\u00f3venes de la barriada tengan un lugar digno para recrearse.<\/p>\n<p>Por primera vez, La Alcald\u00eda en el Barrio incluy\u00f3 vacunaci\u00f3n de perros, como una forma de garantizar la salud de los caninos y la de sus due\u00f1os.<\/p>\n<p>En un ambiente de integraci\u00f3n comunitaria, la edil comparti\u00f3 en un espacio dedicado a la cultura y tradiciones del municipio con los residentes y particip\u00f3 en juegos y actividades recreativas con los j\u00f3venes, reforzando el v\u00ednculo entre el Gobierno local y la poblaci\u00f3n.<\/p>\n<p>Betty Ger\u00f3nimo reiter\u00f3 su compromiso con las comunidades de Santo Domingo Norte.<\/p>\n<p>\u201cEstamos aqu\u00ed para servir, escuchar y actuar. Esta gesti\u00f3n est\u00e1 enfocada en llevar soluciones reales a la gente, barrio por barrio, con acciones que dignifiquen su vida cotidiana\u201d, se\u00f1al\u00f3.<\/p>\n<p>Para la jornada se utilizaron maquinarias pesadas, de manera que se realizara una intervenci\u00f3n integral en el per\u00edmetro del sector, incluyendo un compactador, camiones volteo y motocicletas recolectoras de desechos.<\/p>\n<p>Con estas jornadas, el cabildo expresa su firme compromiso de acercar la administraci\u00f3n municipal a cada uno de los barrios y llevar soluciones reales a las comunidades m\u00e1s necesitadas, mejorando su calidad de vida y dignificando el entorno de cada uno de los mun\u00edcipes.<\/p>\n<p>*DIRECCI\u00d3N DE COMUNICACIONES*<\/p>\n<figure id=\"attachment_1320\" aria-describedby=\"caption-attachment-1320\" style=\"width: 300px\" class=\"wp-caption alignnone\"><img loading=\"lazy\" decoding=\"async\" class=\"size-medium wp-image-1320\" src=\"https:\/\/periodicolarepublica.com\/wp-content\/uploads\/2024\/07\/IMG_20240726_121847-e1754223694664-300x300.jpg\" alt=\"\" width=\"300\" height=\"300\" srcset=\"https:\/\/periodicolarepublica.com\/wp-content\/uploads\/2024\/07\/IMG_20240726_121847-e1754223694664-300x300.jpg?v=1722010747 300w, https:\/\/periodicolarepublica.com\/wp-content\/uploads\/2024\/07\/IMG_20240726_121847-e1754223694664-150x150.jpg?v=1722010747 150w, https:\/\/periodicolarepublica.com\/wp-content\/uploads\/2024\/07\/IMG_20240726_121847-e1754223694664.jpg?v=1722010747 366w\" sizes=\"auto, (max-width: 300px) 100vw, 300px\" \/><figcaption id=\"caption-attachment-1320\" class=\"wp-caption-text\">Betty Ger\u00f3nimo<\/figcaption><\/figure>\n","protected":false},"excerpt":{"rendered":"<p>Betty Ger\u00f3nimo, destac\u00f3 la inclusi\u00f3n de una jornada de vacunaci\u00f3n de perros Santo Domingo Norte, R.D.- La Alcald\u00eda de Santo Domingo Norte (ASDN), llev\u00f3 soluciones inmediatas a las problem\u00e1ticas que afectan a los residentes del sector Las 10 Tareas, en Los Guaricanos, a trav\u00e9s de su exitoso programa \u00abLa Alcald\u00eda en el Barrio\u00bb. &nbsp; El [&hellip;]<\/p>\n","protected":false},"author":6,"featured_media":1320,"comment_status":"open","ping_status":"open","sticky":false,"template":"","format":"standard","meta":{"om_disable_all_campaigns":false,"_monsterinsights_skip_tracking":false,"_monsterinsights_sitenote_active":false,"_monsterinsights_sitenote_note":"","_monsterinsights_sitenote_category":0,"footnotes":""},"categories":[1],"tags":[173],"class_list":{"0":"post-3831","1":"post","2":"type-post","3":"status-publish","4":"format-standard","5":"has-post-thumbnail","7":"category-nacionales","8":"tag-betty-geronimo"},"aioseo_notices":[],"_links":{"self":[{"href":"https:\/\/periodicolarepublica.com\/index.php\/wp-json\/wp\/v2\/posts\/3831","targetHints":{"allow":["GET"]}}],"collection":[{"href":"https:\/\/periodicolarepublica.com\/index.php\/wp-json\/wp\/v2\/posts"}],"about":[{"href":"https:\/\/periodicolarepublica.com\/index.php\/wp-json\/wp\/v2\/types\/post"}],"author":[{"embeddable":true,"href":"https:\/\/periodicolarepublica.com\/index.php\/wp-json\/wp\/v2\/users\/6"}],"replies":[{"embeddable":true,"href":"https:\/\/periodicolarepublica.com\/index.php\/wp-json\/wp\/v2\/comments?post=3831"}],"version-history":[{"count":2,"href":"https:\/\/periodicolarepublica.com\/index.php\/wp-json\/wp\/v2\/posts\/3831\/revisions"}],"predecessor-version":[{"id":3833,"href":"https:\/\/periodicolarepublica.com\/index.php\/wp-json\/wp\/v2\/posts\/3831\/revisions\/3833"}],"wp:featuredmedia":[{"embeddable":true,"href":"https:\/\/periodicolarepublica.com\/index.php\/wp-json\/wp\/v2\/media\/1320"}],"wp:attachment":[{"href":"https:\/\/periodicolarepublica.com\/index.php\/wp-json\/wp\/v2\/media?parent=3831"}],"wp:term":[{"taxonomy":"category","embeddable":true,"href":"https:\/\/periodicolarepublica.com\/index.php\/wp-json\/wp\/v2\/categories?post=3831"},{"taxonomy":"post_tag","embeddable":true,"href":"https:\/\/periodicolarepublica.com\/index.php\/wp-json\/wp\/v2\/tags?post=3831"}],"curies":[{"name":"wp","href":"https:\/\/api.w.org\/{rel}","templated":true}]}}