{"id":3834,"date":"2025-08-03T15:17:19","date_gmt":"2025-08-03T13:17:19","guid":{"rendered":"https:\/\/periodicolarepublica.com\/?p=3834"},"modified":"2025-08-03T15:17:19","modified_gmt":"2025-08-03T13:17:19","slug":"en-aeromundo-tomas-hernandez-alberto-resalta-5-anos-de-logros-y-cambio-con-luis-abinader","status":"publish","type":"post","link":"https:\/\/periodicolarepublica.com\/index.php\/2025\/08\/03\/en-aeromundo-tomas-hernandez-alberto-resalta-5-anos-de-logros-y-cambio-con-luis-abinader\/","title":{"rendered":"En Aeromundo, Tom\u00e1s Hern\u00e1ndez Alberto, resalta 5 a\u00f1os de logros y cambio con Luis Abinader"},"content":{"rendered":"<p>Con esta intervenci\u00f3n, Tom\u00e1s Hern\u00e1ndez Alberto reafirma que el presidente Abinader ha sentado las bases de una nueva Rep\u00fablica Dominicana: m\u00e1s fuerte, m\u00e1s transparente y con un futuro prometedor para todos.<\/p>\n<p>&nbsp;<\/p>\n<p>Santo Domingo, R.D. \u2013 Durante una destacada participaci\u00f3n en El programa Aeromundo, conducido por el periodista Guillermo G\u00f3mez, el dirigente pol\u00edtico y analista Tom\u00e1s Hern\u00e1ndez Alberto ofreci\u00f3 un amplio reconocimiento a la gesti\u00f3n del presidente Luis Abinader, al calificar sus primeros cinco a\u00f1os de gobierno como \u201cuno de los per\u00edodos m\u00e1s transformadores y trascendentales de la historia democr\u00e1tica dominicana\u201d.<\/p>\n<p>&nbsp;<\/p>\n<p>Hern\u00e1ndez Alberto subray\u00f3 que, desde su llegada al poder en 2020, el presidente Abinader ha liderado con visi\u00f3n, valent\u00eda y compromiso, enfrentando grandes desaf\u00edos como la pandemia del COVID-19, sin perder el rumbo del desarrollo nacional. \u201cLuis Abinader lleg\u00f3 con un pensamiento claro y un plan estrat\u00e9gico definido. En tiempo r\u00e9cord logr\u00f3 abrir la econom\u00eda, restaurar la confianza y consolidar un modelo de crecimiento sostenible\u201d, afirm\u00f3.<\/p>\n<p>&nbsp;<\/p>\n<p>Uno de los grandes hitos destacados fue la recuperaci\u00f3n y expansi\u00f3n del turismo. \u201cEste pa\u00eds so\u00f1aba con alcanzar los 10 millones de turistas, y hoy, gracias al liderazgo de Luis, vamos rumbo a romper la barrera de los 12 millones de visitantes en 2025. Eso es una haza\u00f1a que habla de planificaci\u00f3n, gesti\u00f3n y resultados\u201d, expres\u00f3.<\/p>\n<p>&nbsp;<\/p>\n<p>En su intervenci\u00f3n, tambi\u00e9n resalt\u00f3 los pilares \u00e9ticos del actual gobierno. \u201cDesde el primer d\u00eda, el presidente Abinader marc\u00f3 distancia del pasado, promoviendo una justicia verdaderamente independiente y empoderando a la magistrada Miriam Germ\u00e1n y a la procuradora Yenny Berenice para encabezar una lucha frontal contra la corrupci\u00f3n, sin intromisi\u00f3n del Poder Ejecutivo\u201d.<\/p>\n<p>&nbsp;<\/p>\n<p>Hern\u00e1ndez Alberto tambi\u00e9n reconoci\u00f3 la gesti\u00f3n econ\u00f3mica del mandatario como ejemplar. \u201cLuis Abinader tom\u00f3 decisiones valientes, como la tasa cero para productos esenciales, que permitieron mitigar el impacto de la crisis internacional y asegurar el bienestar de la poblaci\u00f3n, a pesar de una oposici\u00f3n que parec\u00eda m\u00e1s interesada en el fracaso del gobierno que en el bienestar del pa\u00eds\u201d.<\/p>\n<p>&nbsp;<\/p>\n<p>Asimismo, valor\u00f3 que el pueblo ha sabido reconocer la grandeza de esa gesti\u00f3n: \u201cLo que hemos vivido en estos cinco a\u00f1os es un cambio profundo, real, humano y moderno. Por eso, el pa\u00eds ha depositado nuevamente su confianza en Luis Abinader. Porque ha demostrado que sabe gobernar en las buenas, y sobre todo, en las dif\u00edciles\u201d.<\/p>\n<p>&nbsp;<\/p>\n<p>&nbsp;<\/p>\n<p>Al referirse al futuro pol\u00edtico del pa\u00eds, sostuvo que el Partido Revolucionario Moderno (PRM) ha sabido heredar lo mejor del PRD y consolidarse como una fuerza moderna y democr\u00e1tica. \u201cGracias a Dios no todo se perdi\u00f3. Con Luis Abinader en el poder hasta 2028, y liderando el partido mientras las circunstancias lo permitan, nuestra democracia est\u00e1 garantizada\u201d, concluy\u00f3.<img loading=\"lazy\" decoding=\"async\" class=\"size-medium wp-image-3835 alignright\" src=\"https:\/\/periodicolarepublica.com\/wp-content\/uploads\/2025\/08\/IMG_20250802_134733-300x184.jpg\" alt=\"\" width=\"300\" height=\"184\" srcset=\"https:\/\/periodicolarepublica.com\/wp-content\/uploads\/2025\/08\/IMG_20250802_134733-300x184.jpg?v=1754227008 300w, https:\/\/periodicolarepublica.com\/wp-content\/uploads\/2025\/08\/IMG_20250802_134733-1024x629.jpg?v=1754227008 1024w, https:\/\/periodicolarepublica.com\/wp-content\/uploads\/2025\/08\/IMG_20250802_134733-768x472.jpg?v=1754227008 768w, https:\/\/periodicolarepublica.com\/wp-content\/uploads\/2025\/08\/IMG_20250802_134733-1536x944.jpg?v=1754227008 1536w, https:\/\/periodicolarepublica.com\/wp-content\/uploads\/2025\/08\/IMG_20250802_134733-150x92.jpg?v=1754227008 150w, https:\/\/periodicolarepublica.com\/wp-content\/uploads\/2025\/08\/IMG_20250802_134733-600x369.jpg?v=1754227008 600w, https:\/\/periodicolarepublica.com\/wp-content\/uploads\/2025\/08\/IMG_20250802_134733-696x428.jpg?v=1754227008 696w, https:\/\/periodicolarepublica.com\/wp-content\/uploads\/2025\/08\/IMG_20250802_134733-1392x855.jpg?v=1754227008 1392w, https:\/\/periodicolarepublica.com\/wp-content\/uploads\/2025\/08\/IMG_20250802_134733-1068x656.jpg?v=1754227008 1068w, https:\/\/periodicolarepublica.com\/wp-content\/uploads\/2025\/08\/IMG_20250802_134733-1920x1179.jpg?v=1754227008 1920w, https:\/\/periodicolarepublica.com\/wp-content\/uploads\/2025\/08\/IMG_20250802_134733.jpg?v=1754227008 2048w\" sizes=\"auto, (max-width: 300px) 100vw, 300px\" \/><\/p>\n","protected":false},"excerpt":{"rendered":"<p>Con esta intervenci\u00f3n, Tom\u00e1s Hern\u00e1ndez Alberto reafirma que el presidente Abinader ha sentado las bases de una nueva Rep\u00fablica Dominicana: m\u00e1s fuerte, m\u00e1s transparente y con un futuro prometedor para todos. &nbsp; Santo Domingo, R.D. \u2013 Durante una destacada participaci\u00f3n en El programa Aeromundo, conducido por el periodista Guillermo G\u00f3mez, el dirigente pol\u00edtico y analista [&hellip;]<\/p>\n","protected":false},"author":10,"featured_media":3835,"comment_status":"open","ping_status":"open","sticky":false,"template":"","format":"standard","meta":{"om_disable_all_campaigns":false,"_monsterinsights_skip_tracking":false,"_monsterinsights_sitenote_active":false,"_monsterinsights_sitenote_note":"","_monsterinsights_sitenote_category":0,"footnotes":""},"categories":[1],"tags":[163],"class_list":{"0":"post-3834","1":"post","2":"type-post","3":"status-publish","4":"format-standard","5":"has-post-thumbnail","7":"category-nacionales","8":"tag-tomas-hernandez-alberto"},"aioseo_notices":[],"_links":{"self":[{"href":"https:\/\/periodicolarepublica.com\/index.php\/wp-json\/wp\/v2\/posts\/3834","targetHints":{"allow":["GET"]}}],"collection":[{"href":"https:\/\/periodicolarepublica.com\/index.php\/wp-json\/wp\/v2\/posts"}],"about":[{"href":"https:\/\/periodicolarepublica.com\/index.php\/wp-json\/wp\/v2\/types\/post"}],"author":[{"embeddable":true,"href":"https:\/\/periodicolarepublica.com\/index.php\/wp-json\/wp\/v2\/users\/10"}],"replies":[{"embeddable":true,"href":"https:\/\/periodicolarepublica.com\/index.php\/wp-json\/wp\/v2\/comments?post=3834"}],"version-history":[{"count":1,"href":"https:\/\/periodicolarepublica.com\/index.php\/wp-json\/wp\/v2\/posts\/3834\/revisions"}],"predecessor-version":[{"id":3836,"href":"https:\/\/periodicolarepublica.com\/index.php\/wp-json\/wp\/v2\/posts\/3834\/revisions\/3836"}],"wp:featuredmedia":[{"embeddable":true,"href":"https:\/\/periodicolarepublica.com\/index.php\/wp-json\/wp\/v2\/media\/3835"}],"wp:attachment":[{"href":"https:\/\/periodicolarepublica.com\/index.php\/wp-json\/wp\/v2\/media?parent=3834"}],"wp:term":[{"taxonomy":"category","embeddable":true,"href":"https:\/\/periodicolarepublica.com\/index.php\/wp-json\/wp\/v2\/categories?post=3834"},{"taxonomy":"post_tag","embeddable":true,"href":"https:\/\/periodicolarepublica.com\/index.php\/wp-json\/wp\/v2\/tags?post=3834"}],"curies":[{"name":"wp","href":"https:\/\/api.w.org\/{rel}","templated":true}]}}