{"id":3837,"date":"2025-08-04T01:11:17","date_gmt":"2025-08-03T23:11:17","guid":{"rendered":"https:\/\/periodicolarepublica.com\/?p=3837"},"modified":"2025-08-04T01:11:48","modified_gmt":"2025-08-03T23:11:48","slug":"luis-abinader-cumple-con-el-pais-y-tomas-hernandez-alberto-lo-reconoce","status":"publish","type":"post","link":"https:\/\/periodicolarepublica.com\/index.php\/2025\/08\/04\/luis-abinader-cumple-con-el-pais-y-tomas-hernandez-alberto-lo-reconoce\/","title":{"rendered":"\u201cLuis Abinader cumple con el pa\u00eds y Tom\u00e1s Hern\u00e1ndez Alberto lo reconoce\u201d"},"content":{"rendered":"<p>Santo Domingo, R.D. \u2013 El dirigente pol\u00edtico Tom\u00e1s Hern\u00e1ndez Alberto expres\u00f3 su reconocimiento y felicitaci\u00f3n al presidente de la Rep\u00fablica, Luis Abinader, por la promulgaci\u00f3n del nuevo C\u00f3digo Penal, una pieza largamente esperada que moderniza el marco legal del pa\u00eds.<\/p>\n<p>&nbsp;<\/p>\n<p>\u201cEnhorabuena al presidente Luis Abinader, quien una vez m\u00e1s demuestra su compromiso con el fortalecimiento institucional y el orden jur\u00eddico de la naci\u00f3n. Hoy, con este nuevo C\u00f3digo Penal, la Rep\u00fablica Dominicana avanza hacia un sistema de justicia m\u00e1s justo, moderno y eficaz\u201d, afirm\u00f3 Hern\u00e1ndez Alberto.<\/p>\n<p>&nbsp;<\/p>\n<p>La promulgaci\u00f3n de esta ley representa un paso significativo en la actualizaci\u00f3n de los instrumentos legales del pa\u00eds, incorporando figuras jur\u00eddicas acordes con los tiempos actuales, fortaleciendo la lucha contra la delincuencia y protegiendo los derechos fundamentales de todos los ciudadanos.<\/p>\n<p>&nbsp;<\/p>\n<p>Tom\u00e1s Hern\u00e1ndez Alberto reiter\u00f3 su apoyo a las iniciativas que, como esta, reflejan la voluntad del Gobierno de seguir transformando el pa\u00eds con responsabilidad y visi\u00f3n de futuro.<img loading=\"lazy\" decoding=\"async\" class=\"size-medium wp-image-3297 alignright\" src=\"https:\/\/periodicolarepublica.com\/wp-content\/uploads\/2025\/05\/IMG_20250516_084326-300x184.jpg\" alt=\"\" width=\"300\" height=\"184\" srcset=\"https:\/\/periodicolarepublica.com\/wp-content\/uploads\/2025\/05\/IMG_20250516_084326-300x184.jpg?v=1747404734 300w, https:\/\/periodicolarepublica.com\/wp-content\/uploads\/2025\/05\/IMG_20250516_084326-768x472.jpg?v=1747404734 768w, https:\/\/periodicolarepublica.com\/wp-content\/uploads\/2025\/05\/IMG_20250516_084326-150x92.jpg?v=1747404734 150w, https:\/\/periodicolarepublica.com\/wp-content\/uploads\/2025\/05\/IMG_20250516_084326-600x368.jpg?v=1747404734 600w, https:\/\/periodicolarepublica.com\/wp-content\/uploads\/2025\/05\/IMG_20250516_084326-696x427.jpg?v=1747404734 696w, https:\/\/periodicolarepublica.com\/wp-content\/uploads\/2025\/05\/IMG_20250516_084326.jpg?v=1747404734 961w\" sizes=\"auto, (max-width: 300px) 100vw, 300px\" \/><\/p>\n","protected":false},"excerpt":{"rendered":"<p>Santo Domingo, R.D. \u2013 El dirigente pol\u00edtico Tom\u00e1s Hern\u00e1ndez Alberto expres\u00f3 su reconocimiento y felicitaci\u00f3n al presidente de la Rep\u00fablica, Luis Abinader, por la promulgaci\u00f3n del nuevo C\u00f3digo Penal, una pieza largamente esperada que moderniza el marco legal del pa\u00eds. &nbsp; \u201cEnhorabuena al presidente Luis Abinader, quien una vez m\u00e1s demuestra su compromiso con el [&hellip;]<\/p>\n","protected":false},"author":10,"featured_media":3297,"comment_status":"open","ping_status":"open","sticky":false,"template":"","format":"standard","meta":{"om_disable_all_campaigns":false,"_monsterinsights_skip_tracking":false,"_monsterinsights_sitenote_active":false,"_monsterinsights_sitenote_note":"","_monsterinsights_sitenote_category":0,"footnotes":""},"categories":[1],"tags":[163],"class_list":{"0":"post-3837","1":"post","2":"type-post","3":"status-publish","4":"format-standard","5":"has-post-thumbnail","7":"category-nacionales","8":"tag-tomas-hernandez-alberto"},"aioseo_notices":[],"_links":{"self":[{"href":"https:\/\/periodicolarepublica.com\/index.php\/wp-json\/wp\/v2\/posts\/3837","targetHints":{"allow":["GET"]}}],"collection":[{"href":"https:\/\/periodicolarepublica.com\/index.php\/wp-json\/wp\/v2\/posts"}],"about":[{"href":"https:\/\/periodicolarepublica.com\/index.php\/wp-json\/wp\/v2\/types\/post"}],"author":[{"embeddable":true,"href":"https:\/\/periodicolarepublica.com\/index.php\/wp-json\/wp\/v2\/users\/10"}],"replies":[{"embeddable":true,"href":"https:\/\/periodicolarepublica.com\/index.php\/wp-json\/wp\/v2\/comments?post=3837"}],"version-history":[{"count":1,"href":"https:\/\/periodicolarepublica.com\/index.php\/wp-json\/wp\/v2\/posts\/3837\/revisions"}],"predecessor-version":[{"id":3838,"href":"https:\/\/periodicolarepublica.com\/index.php\/wp-json\/wp\/v2\/posts\/3837\/revisions\/3838"}],"wp:featuredmedia":[{"embeddable":true,"href":"https:\/\/periodicolarepublica.com\/index.php\/wp-json\/wp\/v2\/media\/3297"}],"wp:attachment":[{"href":"https:\/\/periodicolarepublica.com\/index.php\/wp-json\/wp\/v2\/media?parent=3837"}],"wp:term":[{"taxonomy":"category","embeddable":true,"href":"https:\/\/periodicolarepublica.com\/index.php\/wp-json\/wp\/v2\/categories?post=3837"},{"taxonomy":"post_tag","embeddable":true,"href":"https:\/\/periodicolarepublica.com\/index.php\/wp-json\/wp\/v2\/tags?post=3837"}],"curies":[{"name":"wp","href":"https:\/\/api.w.org\/{rel}","templated":true}]}}