{"id":384,"date":"2024-02-14T04:57:21","date_gmt":"2024-02-14T03:57:21","guid":{"rendered":"https:\/\/periodicolarepublica.com\/?p=384"},"modified":"2024-02-14T04:57:21","modified_gmt":"2024-02-14T03:57:21","slug":"teteos-seguros-inseguros","status":"publish","type":"post","link":"https:\/\/periodicolarepublica.com\/index.php\/2024\/02\/14\/teteos-seguros-inseguros\/","title":{"rendered":"Teteos Seguros, inseguros."},"content":{"rendered":"<p><img loading=\"lazy\" decoding=\"async\" class=\"alignnone size-medium wp-image-385\" src=\"https:\/\/periodicolarepublica.com\/wp-content\/uploads\/2024\/02\/Picsart_24-02-13_23-51-18-397-300x169.jpg\" alt=\"\" width=\"300\" height=\"169\" srcset=\"https:\/\/periodicolarepublica.com\/wp-content\/uploads\/2024\/02\/Picsart_24-02-13_23-51-18-397-300x169.jpg?v=1715379818 300w, https:\/\/periodicolarepublica.com\/wp-content\/uploads\/2024\/02\/Picsart_24-02-13_23-51-18-397-1024x576.jpg?v=1715379818 1024w, https:\/\/periodicolarepublica.com\/wp-content\/uploads\/2024\/02\/Picsart_24-02-13_23-51-18-397-768x432.jpg?v=1715379818 768w, https:\/\/periodicolarepublica.com\/wp-content\/uploads\/2024\/02\/Picsart_24-02-13_23-51-18-397-1536x864.jpg?v=1715379818 1536w, https:\/\/periodicolarepublica.com\/wp-content\/uploads\/2024\/02\/Picsart_24-02-13_23-51-18-397-2048x1152.jpg?v=1715379818 2048w, https:\/\/periodicolarepublica.com\/wp-content\/uploads\/2024\/02\/Picsart_24-02-13_23-51-18-397-150x84.jpg?v=1715379818 150w, https:\/\/periodicolarepublica.com\/wp-content\/uploads\/2024\/02\/Picsart_24-02-13_23-51-18-397-600x338.jpg?v=1715379818 600w, https:\/\/periodicolarepublica.com\/wp-content\/uploads\/2024\/02\/Picsart_24-02-13_23-51-18-397-696x392.jpg?v=1715379818 696w, https:\/\/periodicolarepublica.com\/wp-content\/uploads\/2024\/02\/Picsart_24-02-13_23-51-18-397-1392x783.jpg?v=1715379818 1392w, https:\/\/periodicolarepublica.com\/wp-content\/uploads\/2024\/02\/Picsart_24-02-13_23-51-18-397-1068x601.jpg?v=1715379818 1068w, https:\/\/periodicolarepublica.com\/wp-content\/uploads\/2024\/02\/Picsart_24-02-13_23-51-18-397-1920x1080.jpg?v=1715379818 1920w\" sizes=\"auto, (max-width: 300px) 100vw, 300px\" \/><\/p>\n<p>Los \u00abteteos seguros\u00bb anunciados por el ministro de la juventud, Rafael Feliz, son una medida controvertida que ha generado fuertes cr\u00edticas en Rep\u00fablica Dominicana. Estos eventos son fiestas nocturnas que supuestamente brindan un ambiente seguro para los j\u00f3venes, pero que muchos ven como promotores de comportamientos inmorales y riesgosos<\/p>\n<p>La idea detr\u00e1s de los \u00abteteos seguros\u00bb es ofrecer una alternativa a las fiestas clandestinas y peligrosas que a menudo se llevan a cabo en el pa\u00eds. El ministro Feliz argumenta que al brindar lugares seguros y vigilados para los j\u00f3venes, se puede reducir la violencia y el consumo de drogas durante estos eventos. Adem\u00e1s, se busca que los j\u00f3venes puedan divertirse de manera responsable.<\/p>\n<p>Sin embargo, muchos sectores de la sociedad dominicana critican esta medida, al considerarla una forma de normalizar conductas inmorales y promover una cultura de fiestas y diversi\u00f3n descontrolada. Adem\u00e1s, se argumenta que los \u00abteteos seguros\u00bb podr\u00edan fomentar la sexualizaci\u00f3n de los j\u00f3venes y facilitar el acceso a drogas.<\/p>\n<p>La moral y los valores tradicionales en la Rep\u00fablica Dominicana son temas sensibles, y esta medida ha generado un intenso debate en el pa\u00eds. Mientras algunos apoyan la idea de ofrecer espacios seguros para los j\u00f3venes, otros consideran que se deben promover actividades m\u00e1s educativas y constructivas.<\/p>\n<p>En resumen, los \u00abteteos seguros\u00bb anunciados por el ministro de la juventud han generado controversia en Rep\u00fablica Dominicana, ya que se perciben como una medida que va en contra de los valores morales del pa\u00eds. Aunque la intenci\u00f3n es proporcionar entornos seguros para los j\u00f3venes, muchos critican que esta medida promueva comportamientos inapropiados y arriesgados.<\/p>\n","protected":false},"excerpt":{"rendered":"<p>Los \u00abteteos seguros\u00bb anunciados por el ministro de la juventud, Rafael Feliz, son una medida controvertida que ha generado fuertes cr\u00edticas en Rep\u00fablica Dominicana. Estos eventos son fiestas nocturnas que supuestamente brindan un ambiente seguro para los j\u00f3venes, pero que muchos ven como promotores de comportamientos inmorales y riesgosos La idea detr\u00e1s de los \u00abteteos [&hellip;]<\/p>\n","protected":false},"author":1,"featured_media":385,"comment_status":"open","ping_status":"open","sticky":false,"template":"","format":"standard","meta":{"om_disable_all_campaigns":false,"_monsterinsights_skip_tracking":false,"_monsterinsights_sitenote_active":false,"_monsterinsights_sitenote_note":"","_monsterinsights_sitenote_category":0,"footnotes":""},"categories":[1],"tags":[116,114,117,115,113,112],"class_list":{"0":"post-384","1":"post","2":"type-post","3":"status-publish","4":"format-standard","5":"has-post-thumbnail","7":"category-nacionales","8":"tag-dembow","9":"tag-droga","10":"tag-la-42","11":"tag-musicon","12":"tag-teteos","13":"tag-teteos-seguros"},"aioseo_notices":[],"_links":{"self":[{"href":"https:\/\/periodicolarepublica.com\/index.php\/wp-json\/wp\/v2\/posts\/384","targetHints":{"allow":["GET"]}}],"collection":[{"href":"https:\/\/periodicolarepublica.com\/index.php\/wp-json\/wp\/v2\/posts"}],"about":[{"href":"https:\/\/periodicolarepublica.com\/index.php\/wp-json\/wp\/v2\/types\/post"}],"author":[{"embeddable":true,"href":"https:\/\/periodicolarepublica.com\/index.php\/wp-json\/wp\/v2\/users\/1"}],"replies":[{"embeddable":true,"href":"https:\/\/periodicolarepublica.com\/index.php\/wp-json\/wp\/v2\/comments?post=384"}],"version-history":[{"count":1,"href":"https:\/\/periodicolarepublica.com\/index.php\/wp-json\/wp\/v2\/posts\/384\/revisions"}],"predecessor-version":[{"id":386,"href":"https:\/\/periodicolarepublica.com\/index.php\/wp-json\/wp\/v2\/posts\/384\/revisions\/386"}],"wp:featuredmedia":[{"embeddable":true,"href":"https:\/\/periodicolarepublica.com\/index.php\/wp-json\/wp\/v2\/media\/385"}],"wp:attachment":[{"href":"https:\/\/periodicolarepublica.com\/index.php\/wp-json\/wp\/v2\/media?parent=384"}],"wp:term":[{"taxonomy":"category","embeddable":true,"href":"https:\/\/periodicolarepublica.com\/index.php\/wp-json\/wp\/v2\/categories?post=384"},{"taxonomy":"post_tag","embeddable":true,"href":"https:\/\/periodicolarepublica.com\/index.php\/wp-json\/wp\/v2\/tags?post=384"}],"curies":[{"name":"wp","href":"https:\/\/api.w.org\/{rel}","templated":true}]}}