{"id":3841,"date":"2025-08-05T20:33:12","date_gmt":"2025-08-05T18:33:12","guid":{"rendered":"https:\/\/periodicolarepublica.com\/?p=3841"},"modified":"2025-08-05T20:33:12","modified_gmt":"2025-08-05T18:33:12","slug":"ministro-jose-ignacio-paliza-rd-reafirma-garantias-de-seguridad-operacional-conectividad-y-eficiencia-en-aviacion-civil-region-del-caribe","status":"publish","type":"post","link":"https:\/\/periodicolarepublica.com\/index.php\/2025\/08\/05\/ministro-jose-ignacio-paliza-rd-reafirma-garantias-de-seguridad-operacional-conectividad-y-eficiencia-en-aviacion-civil-region-del-caribe\/","title":{"rendered":"Ministro Jos\u00e9 Ignacio Paliza: \u201cRD reafirma garant\u00edas de seguridad operacional, conectividad y eficiencia en aviaci\u00f3n civil regi\u00f3n del Caribe"},"content":{"rendered":"<p>Santo Domingo.- El ministro de la Presidencia, Jos\u00e9 Ignacio Paliza, reafirm\u00f3 el compromiso de la Rep\u00fablica Dominicana como referente de la aviaci\u00f3n civil en la regi\u00f3n, reconociendo los avances del pa\u00eds en materia de seguridad operacional, conectividad y sostenibilidad, durante la apertura de la D\u00e9cimotercera Reuni\u00f3n de Directores\/as de Aviaci\u00f3n Civil de Norteam\u00e9rica, Centro Am\u00e9rica y Caribe (NACC\/DCA\/13), que se celebra del 4 al 7 de agosto, siendo el pa\u00eds y el Instituto Dominicano de Aviaci\u00f3n Civil (IDAC), anfitriones del evento.<\/p>\n<p>&nbsp;<\/p>\n<p>\u201cLa Rep\u00fablica Dominicana realiza cerca de 200 mil operaciones a\u00e9reas al a\u00f1o, aproximadamente el 98 por ciento de los m\u00e1s de 22 millones de pasajeros que entran al pa\u00eds al a\u00f1o, lo hacen v\u00eda a\u00e9rea, m\u00e1s de la mitad son visitantes, estas operaciones dieron como resultado un ingreso percibido en la econom\u00eda dominicana de manera directa e indirecta de m\u00e1s de 356 millones de d\u00f3lares, sin contar con los ingresos reportados por el Banco Central originados por otros sectores del turismo\u201d, indic\u00f3 el representante del Gobierno dominicano ante el evento promovido por la Organizaci\u00f3n de Aviaci\u00f3n Civil Internacional (OACI).<\/p>\n<p>&nbsp;<\/p>\n<p>Paliza agradeci\u00f3 la confianza depositada por la secretar\u00eda general de la OACI tanto en Rep\u00fablica Dominicana, como en el IDAC para la realizaci\u00f3n de este importante c\u00f3nclave de nivel t\u00e9cnico y diplom\u00e1tico, en el que participan m\u00e1s de 100 delegados de 25 Estados miembros y territorios, incluyendo ministros, directores generales de aviaci\u00f3n civil, representantes permanentes ante el Consejo de la OACI y organismos internacionales clave.<\/p>\n<p>&nbsp;<\/p>\n<p>En ese mismo orden se pronunci\u00f3 Juan Carlos Salazar, secretario general de la OACI, al se\u00f1alar que la Rep\u00fablica Dominicana ha demostrado constantemente su fuerte liderazgo y asociaci\u00f3n con la entidad internacional.<\/p>\n<p>&nbsp;<\/p>\n<p>\u201cPerm\u00edtanme aprovechar esta oportunidad para destacar la importancia de que la Asamblea examine el Plan Estrat\u00e9gico a Largo Plazo de la OACI para 2026-2050: el plan es nuestra hoja de ruta para navegar por las evoluciones din\u00e1micas que est\u00e1n transformando la aviaci\u00f3n\u201d, sugiri\u00f3 Salazar.<\/p>\n<p>&nbsp;<\/p>\n<p>El representante del organismo internacional a\u00f1adi\u00f3 que \u00e9ste es un llamamiento a la acci\u00f3n para que todos los Estados miembros de la OACI logren cero muertes por accidentes y cero emisiones netas de carbono, a pesar de que se espera un aumento de casi el 300 por ciento en el tr\u00e1fico a\u00e9reo proyectado para los pr\u00f3ximos 25 a\u00f1os.<\/p>\n<p>&nbsp;<\/p>\n<p>Juan Carlos Salazar aprovech\u00f3 la ocasi\u00f3n para instar a Estados Miembros y a los gobiernos nacionales a participar activamente en los esfuerzos para alcanzar los objetivos estrat\u00e9gicos de la organizaci\u00f3n, aportando con sus experiencias y conocimientos t\u00e9cnicos con mayores inversiones en la sostenibilidad de los sistemas aeron\u00e1uticos de sus pa\u00edses.<\/p>\n<p>&nbsp;<\/p>\n<p>Durante esta D\u00e9cimotercera Reuni\u00f3n de Directores\/as de Aviaci\u00f3n Civil de Norteam\u00e9rica, Centro Am\u00e9rica y Caribe (NACC\/DCA\/13), que se celebra del 4 al 7 en la capital dominicana, se debaten temas como \u201cHacia una ejecuci\u00f3n m\u00e1s eficaz, Seguridad de la Aviaci\u00f3n (AVSEC) y Facilitaci\u00f3n (FAL)\u201d y \u201cHacia una implementaci\u00f3n m\u00e1s eficaz: seguridad operacional\u201d.<\/p>\n<p>&nbsp;<\/p>\n<p>En el evento participan, adem\u00e1s de los m\u00e1s de 100 representantes internacionales, el director general y la subdirectora general del IDAC, Igor Rodr\u00edguez Dur\u00e1n y Paola Aim\u00e9e Pl\u00e1 Puello, como anfitriones; Michael Gill, director de la Oficina Legal de la OACI; Christopher Barks, director de la Oficina Regional NACC y Fabio Rabbani, director Regional de la Oficina Regional SAM,<\/p>\n<p>&nbsp;<\/p>\n<p>Tambi\u00e9n, Bartolom\u00e9 Pujals, embajador representante permanente de RD ante la Organizaci\u00f3n Internacional de Aviaci\u00f3n Civil (OACI); H\u00e9ctor Porcella, presidente de la Junta de Aviaci\u00f3n Civil (JAC), general de brigada piloto, Fuerza A\u00e9rea de la Rep\u00fablica Dominicana, Enmanuel Souffront Tamayo, director general del Cuerpo Especializado en Seguridad Aeroportuaria y de la Aviaci\u00f3n Civil (CESAC); V\u00edctor Pichardo, director ejecutivo del Departamento Aeroportuario, representantes del sector aeron\u00e1utico e invitados especiales.<\/p>\n<figure id=\"attachment_3842\" aria-describedby=\"caption-attachment-3842\" style=\"width: 300px\" class=\"wp-caption alignnone\"><img loading=\"lazy\" decoding=\"async\" class=\"wp-image-3842 size-medium\" src=\"https:\/\/periodicolarepublica.com\/wp-content\/uploads\/2025\/08\/IMG-20250805-WA0005-300x289.jpg\" alt=\"Jos\u00e9 Ignacio Paliza\" width=\"300\" height=\"289\" srcset=\"https:\/\/periodicolarepublica.com\/wp-content\/uploads\/2025\/08\/IMG-20250805-WA0005-300x289.jpg 300w, https:\/\/periodicolarepublica.com\/wp-content\/uploads\/2025\/08\/IMG-20250805-WA0005-150x145.jpg 150w, https:\/\/periodicolarepublica.com\/wp-content\/uploads\/2025\/08\/IMG-20250805-WA0005.jpg 592w\" sizes=\"auto, (max-width: 300px) 100vw, 300px\" \/><figcaption id=\"caption-attachment-3842\" class=\"wp-caption-text\">Ministro Jos\u00e9 Ignacio Paliza<\/figcaption><\/figure>\n","protected":false},"excerpt":{"rendered":"<p>Santo Domingo.- El ministro de la Presidencia, Jos\u00e9 Ignacio Paliza, reafirm\u00f3 el compromiso de la Rep\u00fablica Dominicana como referente de la aviaci\u00f3n civil en la regi\u00f3n, reconociendo los avances del pa\u00eds en materia de seguridad operacional, conectividad y sostenibilidad, durante la apertura de la D\u00e9cimotercera Reuni\u00f3n de Directores\/as de Aviaci\u00f3n Civil de Norteam\u00e9rica, Centro Am\u00e9rica [&hellip;]<\/p>\n","protected":false},"author":6,"featured_media":3842,"comment_status":"open","ping_status":"open","sticky":false,"template":"","format":"standard","meta":{"om_disable_all_campaigns":false,"_monsterinsights_skip_tracking":false,"_monsterinsights_sitenote_active":false,"_monsterinsights_sitenote_note":"","_monsterinsights_sitenote_category":0,"footnotes":""},"categories":[1],"tags":[447],"class_list":{"0":"post-3841","1":"post","2":"type-post","3":"status-publish","4":"format-standard","5":"has-post-thumbnail","7":"category-nacionales","8":"tag-jose-ignacio-paliza"},"aioseo_notices":[],"_links":{"self":[{"href":"https:\/\/periodicolarepublica.com\/index.php\/wp-json\/wp\/v2\/posts\/3841","targetHints":{"allow":["GET"]}}],"collection":[{"href":"https:\/\/periodicolarepublica.com\/index.php\/wp-json\/wp\/v2\/posts"}],"about":[{"href":"https:\/\/periodicolarepublica.com\/index.php\/wp-json\/wp\/v2\/types\/post"}],"author":[{"embeddable":true,"href":"https:\/\/periodicolarepublica.com\/index.php\/wp-json\/wp\/v2\/users\/6"}],"replies":[{"embeddable":true,"href":"https:\/\/periodicolarepublica.com\/index.php\/wp-json\/wp\/v2\/comments?post=3841"}],"version-history":[{"count":1,"href":"https:\/\/periodicolarepublica.com\/index.php\/wp-json\/wp\/v2\/posts\/3841\/revisions"}],"predecessor-version":[{"id":3843,"href":"https:\/\/periodicolarepublica.com\/index.php\/wp-json\/wp\/v2\/posts\/3841\/revisions\/3843"}],"wp:featuredmedia":[{"embeddable":true,"href":"https:\/\/periodicolarepublica.com\/index.php\/wp-json\/wp\/v2\/media\/3842"}],"wp:attachment":[{"href":"https:\/\/periodicolarepublica.com\/index.php\/wp-json\/wp\/v2\/media?parent=3841"}],"wp:term":[{"taxonomy":"category","embeddable":true,"href":"https:\/\/periodicolarepublica.com\/index.php\/wp-json\/wp\/v2\/categories?post=3841"},{"taxonomy":"post_tag","embeddable":true,"href":"https:\/\/periodicolarepublica.com\/index.php\/wp-json\/wp\/v2\/tags?post=3841"}],"curies":[{"name":"wp","href":"https:\/\/api.w.org\/{rel}","templated":true}]}}