{"id":3844,"date":"2025-08-07T00:12:21","date_gmt":"2025-08-06T22:12:21","guid":{"rendered":"https:\/\/periodicolarepublica.com\/?p=3844"},"modified":"2025-08-07T00:14:41","modified_gmt":"2025-08-06T22:14:41","slug":"en-ciudad-colonial","status":"publish","type":"post","link":"https:\/\/periodicolarepublica.com\/index.php\/2025\/08\/07\/en-ciudad-colonial\/","title":{"rendered":"Bolardos protegen peatones y ordenan el tr\u00e1nsito en Ciudad Colonial"},"content":{"rendered":"<p>La Ciudad Colonial de Santo Domingo, est\u00e1 experimentando una transformaci\u00f3n que va m\u00e1s all\u00e1 de la simple restauraci\u00f3n de sus estructuras.<\/p>\n<p>Los trabajos de remozamiento que se est\u00e1n realizando por el Ministerio de Turismo y el Banco Interamericano de Desarrollo (BID) buscan devolverle a este emblem\u00e1tico lugar su esencia original, un espacio para el disfrute de sus ciudadanos y visitantes.<\/p>\n<p>Durante a\u00f1os, esta zona que fue declarada Patrimonio de la Humanidad por la UNESCO, ha lidiado con un problema que atentaba contra los peatones, con los veh\u00edculos parqueados en las aceras, de forma indebida o parqueados en partes estrechas no solo obstaculizan el paso y a la vez no se disfruta del encanto de sus calles centenarias y ya recientemente se inaugur\u00f3 un parqueo nuevo, para que no entren a la zona.<\/p>\n<p>Los bolardos, que se est\u00e1n\u00a0 colocando en las calles de la ciudad colonial, vienen a cuidar ese paseo peatonal. Estas estructuras, en forma de \u00abbolas\u00bb como popularmente las han nombrado, son de uso com\u00fan en otras ciudades del mundo como Madrid, Par\u00eds, Argentina, Cartagena de Indias entre otras y se han convertido en los guardianes silenciosos de las aceras.<\/p>\n<p>Ubicados a borde de las calles, los bolardos no solo ordenan el tr\u00e1nsito y embellecen el paisaje, sino que tambi\u00e9n act\u00faan como una barrera para caminar mas seguro.<\/p>\n<p>Estas estructuras que pueden tener forma circular, en figuras cilindricas, rectas y otras, se hacen de cemento, piedras o de hierro.<\/p>\n<p>Las aceras, ahora m\u00e1s amplias, invitan a un paseo tranquilo y sin interrupciones, permitiendo que la gente se detenga a contemplar la arquitectura y a sumergirse en la rica historia de la zona, que tambi\u00e9n es frecuentada por muchos turistas.<\/p>\n<p>Si bien, se podr\u00edan se\u00f1alar desaf\u00edos para el tr\u00e1nsito de veh\u00edculos grandes, la realidad es que el objetivo principal es preservar el patrimonio cultural, y haciendo m\u00e1s humana la zona para los peatones.<\/p>\n<p>Evitar el ingreso de camiones o autobuses por calles estrechas es una medida necesaria para proteger los edificios hist\u00f3ricos y la infraestructura reci\u00e9n renovada y a la vez\u00a0devolverle a la Ciudad Colonial su protagonismo peatonal y recordarnos que, a veces, los cambios m\u00e1s peque\u00f1os pueden tener el impacto m\u00e1s grande en la forma en que interactuamos con nuestros espacios.<\/p>\n<p>\u00bfQu\u00e9 te parece esta nueva etapa de la Ciudad Colonial?<\/p>\n<figure id=\"attachment_3845\" aria-describedby=\"caption-attachment-3845\" style=\"width: 300px\" class=\"wp-caption alignnone\"><img loading=\"lazy\" decoding=\"async\" class=\"wp-image-3845 size-medium\" src=\"https:\/\/periodicolarepublica.com\/wp-content\/uploads\/2025\/08\/20250806_180953-300x260.jpg\" alt=\"\" width=\"300\" height=\"260\" srcset=\"https:\/\/periodicolarepublica.com\/wp-content\/uploads\/2025\/08\/20250806_180953-300x260.jpg 300w, https:\/\/periodicolarepublica.com\/wp-content\/uploads\/2025\/08\/20250806_180953-1024x887.jpg 1024w, https:\/\/periodicolarepublica.com\/wp-content\/uploads\/2025\/08\/20250806_180953-768x665.jpg 768w, https:\/\/periodicolarepublica.com\/wp-content\/uploads\/2025\/08\/20250806_180953-150x130.jpg 150w, https:\/\/periodicolarepublica.com\/wp-content\/uploads\/2025\/08\/20250806_180953-600x520.jpg 600w, https:\/\/periodicolarepublica.com\/wp-content\/uploads\/2025\/08\/20250806_180953-696x603.jpg 696w, https:\/\/periodicolarepublica.com\/wp-content\/uploads\/2025\/08\/20250806_180953-1068x924.jpg 1068w, https:\/\/periodicolarepublica.com\/wp-content\/uploads\/2025\/08\/20250806_180953-534x462.jpg 534w, https:\/\/periodicolarepublica.com\/wp-content\/uploads\/2025\/08\/20250806_180953.jpg 1376w\" sizes=\"auto, (max-width: 300px) 100vw, 300px\" \/><figcaption id=\"caption-attachment-3845\" class=\"wp-caption-text\">Ciudad Colonial<\/figcaption><\/figure>\n<p>&nbsp;<\/p>\n","protected":false},"excerpt":{"rendered":"<p>La Ciudad Colonial de Santo Domingo, est\u00e1 experimentando una transformaci\u00f3n que va m\u00e1s all\u00e1 de la simple restauraci\u00f3n de sus estructuras. Los trabajos de remozamiento que se est\u00e1n realizando por el Ministerio de Turismo y el Banco Interamericano de Desarrollo (BID) buscan devolverle a este emblem\u00e1tico lugar su esencia original, un espacio para el disfrute [&hellip;]<\/p>\n","protected":false},"author":1,"featured_media":3845,"comment_status":"open","ping_status":"open","sticky":false,"template":"","format":"standard","meta":{"om_disable_all_campaigns":false,"_monsterinsights_skip_tracking":false,"_monsterinsights_sitenote_active":false,"_monsterinsights_sitenote_note":"","_monsterinsights_sitenote_category":0,"footnotes":""},"categories":[1,20],"tags":[],"class_list":{"0":"post-3844","1":"post","2":"type-post","3":"status-publish","4":"format-standard","5":"has-post-thumbnail","7":"category-nacionales","8":"category-turismo"},"aioseo_notices":[],"_links":{"self":[{"href":"https:\/\/periodicolarepublica.com\/index.php\/wp-json\/wp\/v2\/posts\/3844","targetHints":{"allow":["GET"]}}],"collection":[{"href":"https:\/\/periodicolarepublica.com\/index.php\/wp-json\/wp\/v2\/posts"}],"about":[{"href":"https:\/\/periodicolarepublica.com\/index.php\/wp-json\/wp\/v2\/types\/post"}],"author":[{"embeddable":true,"href":"https:\/\/periodicolarepublica.com\/index.php\/wp-json\/wp\/v2\/users\/1"}],"replies":[{"embeddable":true,"href":"https:\/\/periodicolarepublica.com\/index.php\/wp-json\/wp\/v2\/comments?post=3844"}],"version-history":[{"count":1,"href":"https:\/\/periodicolarepublica.com\/index.php\/wp-json\/wp\/v2\/posts\/3844\/revisions"}],"predecessor-version":[{"id":3846,"href":"https:\/\/periodicolarepublica.com\/index.php\/wp-json\/wp\/v2\/posts\/3844\/revisions\/3846"}],"wp:featuredmedia":[{"embeddable":true,"href":"https:\/\/periodicolarepublica.com\/index.php\/wp-json\/wp\/v2\/media\/3845"}],"wp:attachment":[{"href":"https:\/\/periodicolarepublica.com\/index.php\/wp-json\/wp\/v2\/media?parent=3844"}],"wp:term":[{"taxonomy":"category","embeddable":true,"href":"https:\/\/periodicolarepublica.com\/index.php\/wp-json\/wp\/v2\/categories?post=3844"},{"taxonomy":"post_tag","embeddable":true,"href":"https:\/\/periodicolarepublica.com\/index.php\/wp-json\/wp\/v2\/tags?post=3844"}],"curies":[{"name":"wp","href":"https:\/\/api.w.org\/{rel}","templated":true}]}}