{"id":3847,"date":"2025-08-09T01:48:26","date_gmt":"2025-08-08T23:48:26","guid":{"rendered":"https:\/\/periodicolarepublica.com\/?p=3847"},"modified":"2025-08-09T01:48:26","modified_gmt":"2025-08-08T23:48:26","slug":"scarlet-benzan-valora-promulgacion-del-nuevo-codigo-penal","status":"publish","type":"post","link":"https:\/\/periodicolarepublica.com\/index.php\/2025\/08\/09\/scarlet-benzan-valora-promulgacion-del-nuevo-codigo-penal\/","title":{"rendered":"Scarlet Benzan valora promulgaci\u00f3n del nuevo C\u00f3digo Penal"},"content":{"rendered":"<p>La funcionaria resalt\u00f3 que se trata de un avance decisivo hacia una justicia moderna y una sociedad m\u00e1s segura<\/p>\n<p>Santo Domingo.\u2013 La viceministra de Emprendedurismo del Ministerio Administrativo de la Presidencia (MAPRE) y secretaria nacional de Crecimiento del Partido Revolucionario Moderno (PRM), Scarlet Benzan, destac\u00f3 la promulgaci\u00f3n del nuevo C\u00f3digo Penal como una acci\u00f3n firme del presidente Luis Abinader en favor de la institucionalidad, la seguridad y la justicia en la Rep\u00fablica Dominicana.<\/p>\n<p>A trav\u00e9s de sus redes sociales, la funcionaria expres\u00f3 su satisfacci\u00f3n por este hito jur\u00eddico, que marca el cierre de una larga deuda legislativa con la sociedad dominicana.<\/p>\n<p><img loading=\"lazy\" decoding=\"async\" class=\"alignnone size-medium wp-image-3853\" src=\"https:\/\/periodicolarepublica.com\/wp-content\/uploads\/2025\/08\/1-777x437-1-300x169.jpg\" alt=\"\" width=\"300\" height=\"169\" srcset=\"https:\/\/periodicolarepublica.com\/wp-content\/uploads\/2025\/08\/1-777x437-1-300x169.jpg 300w, https:\/\/periodicolarepublica.com\/wp-content\/uploads\/2025\/08\/1-777x437-1-768x432.jpg 768w, https:\/\/periodicolarepublica.com\/wp-content\/uploads\/2025\/08\/1-777x437-1-150x84.jpg 150w, https:\/\/periodicolarepublica.com\/wp-content\/uploads\/2025\/08\/1-777x437-1-600x337.jpg 600w, https:\/\/periodicolarepublica.com\/wp-content\/uploads\/2025\/08\/1-777x437-1-696x391.jpg 696w, https:\/\/periodicolarepublica.com\/wp-content\/uploads\/2025\/08\/1-777x437-1.jpg 777w\" sizes=\"auto, (max-width: 300px) 100vw, 300px\" \/><\/p>\n<p>&nbsp;<\/p>\n","protected":false},"excerpt":{"rendered":"<p>La funcionaria resalt\u00f3 que se trata de un avance decisivo hacia una justicia moderna y una sociedad m\u00e1s segura Santo Domingo.\u2013 La viceministra de Emprendedurismo del Ministerio Administrativo de la Presidencia (MAPRE) y secretaria nacional de Crecimiento del Partido Revolucionario Moderno (PRM), Scarlet Benzan, destac\u00f3 la promulgaci\u00f3n del nuevo C\u00f3digo Penal como una acci\u00f3n firme [&hellip;]<\/p>\n","protected":false},"author":6,"featured_media":3853,"comment_status":"open","ping_status":"open","sticky":false,"template":"","format":"standard","meta":{"om_disable_all_campaigns":false,"_monsterinsights_skip_tracking":false,"_monsterinsights_sitenote_active":false,"_monsterinsights_sitenote_note":"","_monsterinsights_sitenote_category":0,"footnotes":""},"categories":[1],"tags":[],"class_list":{"0":"post-3847","1":"post","2":"type-post","3":"status-publish","4":"format-standard","5":"has-post-thumbnail","7":"category-nacionales"},"aioseo_notices":[],"_links":{"self":[{"href":"https:\/\/periodicolarepublica.com\/index.php\/wp-json\/wp\/v2\/posts\/3847","targetHints":{"allow":["GET"]}}],"collection":[{"href":"https:\/\/periodicolarepublica.com\/index.php\/wp-json\/wp\/v2\/posts"}],"about":[{"href":"https:\/\/periodicolarepublica.com\/index.php\/wp-json\/wp\/v2\/types\/post"}],"author":[{"embeddable":true,"href":"https:\/\/periodicolarepublica.com\/index.php\/wp-json\/wp\/v2\/users\/6"}],"replies":[{"embeddable":true,"href":"https:\/\/periodicolarepublica.com\/index.php\/wp-json\/wp\/v2\/comments?post=3847"}],"version-history":[{"count":1,"href":"https:\/\/periodicolarepublica.com\/index.php\/wp-json\/wp\/v2\/posts\/3847\/revisions"}],"predecessor-version":[{"id":3854,"href":"https:\/\/periodicolarepublica.com\/index.php\/wp-json\/wp\/v2\/posts\/3847\/revisions\/3854"}],"wp:featuredmedia":[{"embeddable":true,"href":"https:\/\/periodicolarepublica.com\/index.php\/wp-json\/wp\/v2\/media\/3853"}],"wp:attachment":[{"href":"https:\/\/periodicolarepublica.com\/index.php\/wp-json\/wp\/v2\/media?parent=3847"}],"wp:term":[{"taxonomy":"category","embeddable":true,"href":"https:\/\/periodicolarepublica.com\/index.php\/wp-json\/wp\/v2\/categories?post=3847"},{"taxonomy":"post_tag","embeddable":true,"href":"https:\/\/periodicolarepublica.com\/index.php\/wp-json\/wp\/v2\/tags?post=3847"}],"curies":[{"name":"wp","href":"https:\/\/api.w.org\/{rel}","templated":true}]}}