{"id":3864,"date":"2025-08-09T02:10:00","date_gmt":"2025-08-09T00:10:00","guid":{"rendered":"https:\/\/periodicolarepublica.com\/?p=3864"},"modified":"2025-08-09T02:10:00","modified_gmt":"2025-08-09T00:10:00","slug":"sns-incrementa-221-21-capacidad-instalada-uci-pediatrico-con-puesta-en-funcionamiento-18-nuevas-camas-materno-infantil-dr-julio-m-rodriguez","status":"publish","type":"post","link":"https:\/\/periodicolarepublica.com\/index.php\/2025\/08\/09\/sns-incrementa-221-21-capacidad-instalada-uci-pediatrico-con-puesta-en-funcionamiento-18-nuevas-camas-materno-infantil-dr-julio-m-rodriguez\/","title":{"rendered":"SNS incrementa 221.21% capacidad instalada UCI pedi\u00e1trico con puesta en funcionamiento 18 nuevas camas Materno Infantil Dr. Julio M. Rodr\u00edguez"},"content":{"rendered":"<p>Santo Domingo \u2013 El Hospital Materno Infantil Dr. Julio Manuel Rodr\u00edguez Grull\u00f3n dej\u00f3 en funcionamiento 18 nuevas camas en su Unidad de Cuidados Intensivos Pedi\u00e1tricos (UCI Pedi\u00e1trica), fortaleciendo as\u00ed la capacidad de respuesta ante casos cr\u00edticos en poblaci\u00f3n infantil y consolidando su compromiso con una atenci\u00f3n m\u00e9dica especializada, oportuna y de calidad.<\/p>\n<p>&nbsp;<\/p>\n<p>El acto de apertura cont\u00f3 con la presencia de Mario Lama, director ejecutivo del Servicio Nacional de Salud, quien expres\u00f3: \u201cEsta puesta en funcionamiento de nuevas camas UCI pedi\u00e1tricas es parte del compromiso continuo del SNS con el fortalecimiento del sistema hospitalario a nivel nacional. Seguimos invirtiendo en infraestructura, equipamiento y personal capacitado para garantizar que cada ni\u00f1o y ni\u00f1a reciba la atenci\u00f3n que merece en el momento oportuno\u201d.<\/p>\n<p>Esta ampliaci\u00f3n representa un aumento del 221.21% en la disponibilidad de camas UCI pedi\u00e1tricas, pasando de 33 camas en agosto de 2020 a 106 camas actualmente, lo que permitir\u00e1 reducir tiempos de espera y brindar mayor cobertura a pacientes cr\u00edticos, especialmente en una regi\u00f3n donde la demanda de servicios intensivos ha ido en aumento.<\/p>\n<p><img loading=\"lazy\" decoding=\"async\" class=\"alignnone size-medium wp-image-3101\" src=\"https:\/\/periodicolarepublica.com\/wp-content\/uploads\/2025\/04\/25da67824c9f1869e8ef3eacb5d2ced0_XL-1-300x137.jpg\" alt=\"\" width=\"300\" height=\"137\" srcset=\"https:\/\/periodicolarepublica.com\/wp-content\/uploads\/2025\/04\/25da67824c9f1869e8ef3eacb5d2ced0_XL-1-300x137.jpg 300w, https:\/\/periodicolarepublica.com\/wp-content\/uploads\/2025\/04\/25da67824c9f1869e8ef3eacb5d2ced0_XL-1-768x351.jpg 768w, https:\/\/periodicolarepublica.com\/wp-content\/uploads\/2025\/04\/25da67824c9f1869e8ef3eacb5d2ced0_XL-1-150x69.jpg 150w, https:\/\/periodicolarepublica.com\/wp-content\/uploads\/2025\/04\/25da67824c9f1869e8ef3eacb5d2ced0_XL-1-600x274.jpg 600w, https:\/\/periodicolarepublica.com\/wp-content\/uploads\/2025\/04\/25da67824c9f1869e8ef3eacb5d2ced0_XL-1-696x318.jpg 696w, https:\/\/periodicolarepublica.com\/wp-content\/uploads\/2025\/04\/25da67824c9f1869e8ef3eacb5d2ced0_XL-1.jpg 900w\" sizes=\"auto, (max-width: 300px) 100vw, 300px\" \/><\/p>\n<p>&nbsp;<\/p>\n","protected":false},"excerpt":{"rendered":"<p>Santo Domingo \u2013 El Hospital Materno Infantil Dr. Julio Manuel Rodr\u00edguez Grull\u00f3n dej\u00f3 en funcionamiento 18 nuevas camas en su Unidad de Cuidados Intensivos Pedi\u00e1tricos (UCI Pedi\u00e1trica), fortaleciendo as\u00ed la capacidad de respuesta ante casos cr\u00edticos en poblaci\u00f3n infantil y consolidando su compromiso con una atenci\u00f3n m\u00e9dica especializada, oportuna y de calidad. &nbsp; El acto [&hellip;]<\/p>\n","protected":false},"author":6,"featured_media":3101,"comment_status":"open","ping_status":"open","sticky":false,"template":"","format":"standard","meta":{"om_disable_all_campaigns":false,"_monsterinsights_skip_tracking":false,"_monsterinsights_sitenote_active":false,"_monsterinsights_sitenote_note":"","_monsterinsights_sitenote_category":0,"footnotes":""},"categories":[1],"tags":[],"class_list":{"0":"post-3864","1":"post","2":"type-post","3":"status-publish","4":"format-standard","5":"has-post-thumbnail","7":"category-nacionales"},"aioseo_notices":[],"_links":{"self":[{"href":"https:\/\/periodicolarepublica.com\/index.php\/wp-json\/wp\/v2\/posts\/3864","targetHints":{"allow":["GET"]}}],"collection":[{"href":"https:\/\/periodicolarepublica.com\/index.php\/wp-json\/wp\/v2\/posts"}],"about":[{"href":"https:\/\/periodicolarepublica.com\/index.php\/wp-json\/wp\/v2\/types\/post"}],"author":[{"embeddable":true,"href":"https:\/\/periodicolarepublica.com\/index.php\/wp-json\/wp\/v2\/users\/6"}],"replies":[{"embeddable":true,"href":"https:\/\/periodicolarepublica.com\/index.php\/wp-json\/wp\/v2\/comments?post=3864"}],"version-history":[{"count":1,"href":"https:\/\/periodicolarepublica.com\/index.php\/wp-json\/wp\/v2\/posts\/3864\/revisions"}],"predecessor-version":[{"id":3865,"href":"https:\/\/periodicolarepublica.com\/index.php\/wp-json\/wp\/v2\/posts\/3864\/revisions\/3865"}],"wp:featuredmedia":[{"embeddable":true,"href":"https:\/\/periodicolarepublica.com\/index.php\/wp-json\/wp\/v2\/media\/3101"}],"wp:attachment":[{"href":"https:\/\/periodicolarepublica.com\/index.php\/wp-json\/wp\/v2\/media?parent=3864"}],"wp:term":[{"taxonomy":"category","embeddable":true,"href":"https:\/\/periodicolarepublica.com\/index.php\/wp-json\/wp\/v2\/categories?post=3864"},{"taxonomy":"post_tag","embeddable":true,"href":"https:\/\/periodicolarepublica.com\/index.php\/wp-json\/wp\/v2\/tags?post=3864"}],"curies":[{"name":"wp","href":"https:\/\/api.w.org\/{rel}","templated":true}]}}