{"id":3866,"date":"2025-08-09T02:13:27","date_gmt":"2025-08-09T00:13:27","guid":{"rendered":"https:\/\/periodicolarepublica.com\/?p=3866"},"modified":"2025-08-09T02:13:27","modified_gmt":"2025-08-09T00:13:27","slug":"efemerides-patrias-rechaza-disculpas-por-himno-nacional-lesbico-y-confirma-que-seguira-accion-legal","status":"publish","type":"post","link":"https:\/\/periodicolarepublica.com\/index.php\/2025\/08\/09\/efemerides-patrias-rechaza-disculpas-por-himno-nacional-lesbico-y-confirma-que-seguira-accion-legal\/","title":{"rendered":"Efem\u00e9rides Patrias rechaza disculpas por \u201chimno nacional l\u00e9sbico\u201d y confirma que seguir\u00e1 acci\u00f3n legal"},"content":{"rendered":"<p>&nbsp;<\/p>\n<p>&nbsp;<\/p>\n<p>Juan Pablo Uribe rechaz\u00f3 este viernes las disculpas presentadas por Yoseli Castillo Fuertes \u2014quien se atribuy\u00f3 la autor\u00eda del texto\u2014 y calific\u00f3 la acci\u00f3n como \u201cun acto vulgar, repulsivo e ilegal\u201d, constitutivo de un delito sancionado por la Ley 210-19 sobre el uso de los s\u00edmbolos patrios.<\/p>\n<p>Santo Domingo. \u2013 La Comisi\u00f3n Permanente de Efem\u00e9rides Patrias anunci\u00f3 que continuar\u00e1 el proceso legal contra los responsables de alterar la letra del Himno Nacional, luego de que un colectivo LGBT difundiera una versi\u00f3n que denominaron \u201chimno nacional l\u00e9sbico dominicano\u201d, en sustituci\u00f3n de los versos originales de Emilio Prud\u2019Homme.<\/p>\n<p>El presidente de la entidad, Juan Pablo Uribe, rechaz\u00f3 este viernes las disculpas presentadas por Yoseli Castillo Fuertes \u2014quien se atribuy\u00f3 la autor\u00eda del texto\u2014 y calific\u00f3 la acci\u00f3n como \u201cun acto vulgar, repulsivo e ilegal\u201d, constitutivo de un delito sancionado por la Ley 210-19 sobre el uso de los s\u00edmbolos patrios.<\/p>\n<p>&nbsp;<\/p>\n<p>&nbsp;<\/p>\n<p>&nbsp;<\/p>\n<p>\u201cLa Comisi\u00f3n Permanente de Efem\u00e9rides Patrias no cree ni en la excusa ni en el arrepentimiento expresado por los involucrados en este flagrante ultraje contra el Himno Nacional. Los s\u00edmbolos patrios se respetan, se honran y forman parte del armaz\u00f3n ideol\u00f3gico, moral, espiritual, c\u00edvico, hist\u00f3rico e identitario de la naci\u00f3n. Ninguna estrategia cultural, global y antinacional prosperar\u00e1 contra nuestro lema sagrado: \u00a1Dios, Patria y Libertad!\u201d, expres\u00f3 Uribe.<\/p>\n<p><img loading=\"lazy\" decoding=\"async\" class=\"alignnone size-medium wp-image-3867\" src=\"https:\/\/periodicolarepublica.com\/wp-content\/uploads\/2025\/08\/6385674219093140541-300x198.jpg\" alt=\"\" width=\"300\" height=\"198\" srcset=\"https:\/\/periodicolarepublica.com\/wp-content\/uploads\/2025\/08\/6385674219093140541-300x198.jpg 300w, https:\/\/periodicolarepublica.com\/wp-content\/uploads\/2025\/08\/6385674219093140541-1024x675.jpg 1024w, https:\/\/periodicolarepublica.com\/wp-content\/uploads\/2025\/08\/6385674219093140541-768x506.jpg 768w, https:\/\/periodicolarepublica.com\/wp-content\/uploads\/2025\/08\/6385674219093140541-150x99.jpg 150w, https:\/\/periodicolarepublica.com\/wp-content\/uploads\/2025\/08\/6385674219093140541-600x395.jpg 600w, https:\/\/periodicolarepublica.com\/wp-content\/uploads\/2025\/08\/6385674219093140541-696x459.jpg 696w, https:\/\/periodicolarepublica.com\/wp-content\/uploads\/2025\/08\/6385674219093140541-1392x917.jpg 1392w, https:\/\/periodicolarepublica.com\/wp-content\/uploads\/2025\/08\/6385674219093140541-1068x704.jpg 1068w, https:\/\/periodicolarepublica.com\/wp-content\/uploads\/2025\/08\/6385674219093140541.jpg 1483w\" sizes=\"auto, (max-width: 300px) 100vw, 300px\" \/><\/p>\n<p>&nbsp;<\/p>\n<p>&nbsp;<\/p>\n","protected":false},"excerpt":{"rendered":"<p>&nbsp; &nbsp; Juan Pablo Uribe rechaz\u00f3 este viernes las disculpas presentadas por Yoseli Castillo Fuertes \u2014quien se atribuy\u00f3 la autor\u00eda del texto\u2014 y calific\u00f3 la acci\u00f3n como \u201cun acto vulgar, repulsivo e ilegal\u201d, constitutivo de un delito sancionado por la Ley 210-19 sobre el uso de los s\u00edmbolos patrios. Santo Domingo. \u2013 La Comisi\u00f3n Permanente [&hellip;]<\/p>\n","protected":false},"author":6,"featured_media":3867,"comment_status":"open","ping_status":"open","sticky":false,"template":"","format":"standard","meta":{"om_disable_all_campaigns":false,"_monsterinsights_skip_tracking":false,"_monsterinsights_sitenote_active":false,"_monsterinsights_sitenote_note":"","_monsterinsights_sitenote_category":0,"footnotes":""},"categories":[1],"tags":[],"class_list":{"0":"post-3866","1":"post","2":"type-post","3":"status-publish","4":"format-standard","5":"has-post-thumbnail","7":"category-nacionales"},"aioseo_notices":[],"_links":{"self":[{"href":"https:\/\/periodicolarepublica.com\/index.php\/wp-json\/wp\/v2\/posts\/3866","targetHints":{"allow":["GET"]}}],"collection":[{"href":"https:\/\/periodicolarepublica.com\/index.php\/wp-json\/wp\/v2\/posts"}],"about":[{"href":"https:\/\/periodicolarepublica.com\/index.php\/wp-json\/wp\/v2\/types\/post"}],"author":[{"embeddable":true,"href":"https:\/\/periodicolarepublica.com\/index.php\/wp-json\/wp\/v2\/users\/6"}],"replies":[{"embeddable":true,"href":"https:\/\/periodicolarepublica.com\/index.php\/wp-json\/wp\/v2\/comments?post=3866"}],"version-history":[{"count":2,"href":"https:\/\/periodicolarepublica.com\/index.php\/wp-json\/wp\/v2\/posts\/3866\/revisions"}],"predecessor-version":[{"id":3869,"href":"https:\/\/periodicolarepublica.com\/index.php\/wp-json\/wp\/v2\/posts\/3866\/revisions\/3869"}],"wp:featuredmedia":[{"embeddable":true,"href":"https:\/\/periodicolarepublica.com\/index.php\/wp-json\/wp\/v2\/media\/3867"}],"wp:attachment":[{"href":"https:\/\/periodicolarepublica.com\/index.php\/wp-json\/wp\/v2\/media?parent=3866"}],"wp:term":[{"taxonomy":"category","embeddable":true,"href":"https:\/\/periodicolarepublica.com\/index.php\/wp-json\/wp\/v2\/categories?post=3866"},{"taxonomy":"post_tag","embeddable":true,"href":"https:\/\/periodicolarepublica.com\/index.php\/wp-json\/wp\/v2\/tags?post=3866"}],"curies":[{"name":"wp","href":"https:\/\/api.w.org\/{rel}","templated":true}]}}