{"id":3870,"date":"2025-08-09T02:17:24","date_gmt":"2025-08-09T00:17:24","guid":{"rendered":"https:\/\/periodicolarepublica.com\/?p=3870"},"modified":"2025-08-09T02:17:24","modified_gmt":"2025-08-09T00:17:24","slug":"expertos-analizan-claves-para-la-durabilidad-del-concreto-en-charla-organizada-por-adocem-y-cementos-argos","status":"publish","type":"post","link":"https:\/\/periodicolarepublica.com\/index.php\/2025\/08\/09\/expertos-analizan-claves-para-la-durabilidad-del-concreto-en-charla-organizada-por-adocem-y-cementos-argos\/","title":{"rendered":"Expertos analizan claves para la durabilidad del concreto en charla organizada por ADOCEM y Cementos Argos"},"content":{"rendered":"<p style=\"text-align: center;\">\n<p>Santo Domingo. \u2013 La resistencia en las estructuras construidas en el pa\u00eds fue el eje central de la charla t\u00e9cnica \u201cDurabilidad del Concreto: fundamentos y pr\u00e1cticas de longevidad\u201d, organizada por la Asociaci\u00f3n Dominicana de Productores de Cemento Portland (ADOCEM) en colaboraci\u00f3n con Argos Dominicana.<\/p>\n<p>La actividad, enmarcada en el programa Aula ADOCEM, form\u00f3 parte del compromiso institucional de ambas entidades de fortalecer el conocimiento t\u00e9cnico en el sector construcci\u00f3n y busc\u00f3 proporcionar herramientas actualizadas para afrontar los desaf\u00edos que impone la infraestructura moderna.<\/p>\n<p>El encuentro cont\u00f3 con la participaci\u00f3n del Ing. Jorge Moquete, asesor t\u00e9cnico de Cementos Argos, quien posee m\u00e1s de 17 a\u00f1os de experiencia en materiales de construcci\u00f3n, producci\u00f3n y tecnolog\u00eda del concreto; y de la Ing. Luathany Calder\u00f3n, asesora t\u00e9cnica y comercial de Sika Dominicana, quien comparti\u00f3 una perspectiva innovadora sobre soluciones sostenibles orientadas a extender la vida \u00fatil del concreto.<\/p>\n<p><img loading=\"lazy\" decoding=\"async\" class=\"alignnone size-medium wp-image-3871\" src=\"https:\/\/periodicolarepublica.com\/wp-content\/uploads\/2025\/08\/Screenshot_20250808_201432_Gmail1-300x191.jpg\" alt=\"\" width=\"300\" height=\"191\" srcset=\"https:\/\/periodicolarepublica.com\/wp-content\/uploads\/2025\/08\/Screenshot_20250808_201432_Gmail1-300x191.jpg 300w, https:\/\/periodicolarepublica.com\/wp-content\/uploads\/2025\/08\/Screenshot_20250808_201432_Gmail1-150x95.jpg 150w, https:\/\/periodicolarepublica.com\/wp-content\/uploads\/2025\/08\/Screenshot_20250808_201432_Gmail1-600x382.jpg 600w, https:\/\/periodicolarepublica.com\/wp-content\/uploads\/2025\/08\/Screenshot_20250808_201432_Gmail1-696x443.jpg 696w, https:\/\/periodicolarepublica.com\/wp-content\/uploads\/2025\/08\/Screenshot_20250808_201432_Gmail1.jpg 717w\" sizes=\"auto, (max-width: 300px) 100vw, 300px\" \/><\/p>\n","protected":false},"excerpt":{"rendered":"<p>Santo Domingo. \u2013 La resistencia en las estructuras construidas en el pa\u00eds fue el eje central de la charla t\u00e9cnica \u201cDurabilidad del Concreto: fundamentos y pr\u00e1cticas de longevidad\u201d, organizada por la Asociaci\u00f3n Dominicana de Productores de Cemento Portland (ADOCEM) en colaboraci\u00f3n con Argos Dominicana. La actividad, enmarcada en el programa Aula ADOCEM, form\u00f3 parte del [&hellip;]<\/p>\n","protected":false},"author":6,"featured_media":3871,"comment_status":"open","ping_status":"open","sticky":false,"template":"","format":"standard","meta":{"om_disable_all_campaigns":false,"_monsterinsights_skip_tracking":false,"_monsterinsights_sitenote_active":false,"_monsterinsights_sitenote_note":"","_monsterinsights_sitenote_category":0,"footnotes":""},"categories":[1],"tags":[],"class_list":{"0":"post-3870","1":"post","2":"type-post","3":"status-publish","4":"format-standard","5":"has-post-thumbnail","7":"category-nacionales"},"aioseo_notices":[],"_links":{"self":[{"href":"https:\/\/periodicolarepublica.com\/index.php\/wp-json\/wp\/v2\/posts\/3870","targetHints":{"allow":["GET"]}}],"collection":[{"href":"https:\/\/periodicolarepublica.com\/index.php\/wp-json\/wp\/v2\/posts"}],"about":[{"href":"https:\/\/periodicolarepublica.com\/index.php\/wp-json\/wp\/v2\/types\/post"}],"author":[{"embeddable":true,"href":"https:\/\/periodicolarepublica.com\/index.php\/wp-json\/wp\/v2\/users\/6"}],"replies":[{"embeddable":true,"href":"https:\/\/periodicolarepublica.com\/index.php\/wp-json\/wp\/v2\/comments?post=3870"}],"version-history":[{"count":1,"href":"https:\/\/periodicolarepublica.com\/index.php\/wp-json\/wp\/v2\/posts\/3870\/revisions"}],"predecessor-version":[{"id":3872,"href":"https:\/\/periodicolarepublica.com\/index.php\/wp-json\/wp\/v2\/posts\/3870\/revisions\/3872"}],"wp:featuredmedia":[{"embeddable":true,"href":"https:\/\/periodicolarepublica.com\/index.php\/wp-json\/wp\/v2\/media\/3871"}],"wp:attachment":[{"href":"https:\/\/periodicolarepublica.com\/index.php\/wp-json\/wp\/v2\/media?parent=3870"}],"wp:term":[{"taxonomy":"category","embeddable":true,"href":"https:\/\/periodicolarepublica.com\/index.php\/wp-json\/wp\/v2\/categories?post=3870"},{"taxonomy":"post_tag","embeddable":true,"href":"https:\/\/periodicolarepublica.com\/index.php\/wp-json\/wp\/v2\/tags?post=3870"}],"curies":[{"name":"wp","href":"https:\/\/api.w.org\/{rel}","templated":true}]}}