{"id":3873,"date":"2025-08-10T20:29:51","date_gmt":"2025-08-10T18:29:51","guid":{"rendered":"https:\/\/periodicolarepublica.com\/?p=3873"},"modified":"2025-08-10T20:29:51","modified_gmt":"2025-08-10T18:29:51","slug":"banco-popular-dominicano-confirma-su-aaa-otorgada-por-feller-rate","status":"publish","type":"post","link":"https:\/\/periodicolarepublica.com\/index.php\/2025\/08\/10\/banco-popular-dominicano-confirma-su-aaa-otorgada-por-feller-rate\/","title":{"rendered":"Banco Popular Dominicano confirma su \u201cAAA\u201d otorgada por Feller-Rate"},"content":{"rendered":"<p>Calificadora destaca su fortaleza financiera, liderazgo y gesti\u00f3n prudente<\/p>\n<p>Santo Domingo, D.N. \u2013 El Banco Popular Dominicano recibi\u00f3 la confirmaci\u00f3n de la m\u00e1s alta calificaci\u00f3n de solvencia del mercado, \u201cAAA\u201d, con perspectiva estable, por parte de la agencia calificadora Feller-Rate, que reconoce el robusto perfil de negocios de la organizaci\u00f3n financiera y destaca su capacidad de generaci\u00f3n de ingresos y su prudente gesti\u00f3n del riesgo.<\/p>\n<p>La calificaci\u00f3n de AAA refleja que la situaci\u00f3n de la instituci\u00f3n financiera es muy fuerte y tiene una sobresaliente trayectoria de rentabilidad y solvencia, con muy buen acceso a fuentes de financiamiento y un claro horizonte de estabilidad.<\/p>\n<p>En concreto, esta evaluaci\u00f3n de Feller-Rate resalta ese fondeo diversificado y la robusta liquidez del Banco Popular, as\u00ed como su adecuado respaldo patrimonial, consolidando a la entidad bancaria como el mayor banco privado del pa\u00eds y un referente en todos los segmentos del sistema financiero nacional, al atender a grandes empresas, pymes y personas a trav\u00e9s de una amplia gama de productos y servicios<\/p>\n<figure id=\"attachment_3090\" aria-describedby=\"caption-attachment-3090\" style=\"width: 300px\" class=\"wp-caption alignnone\"><img loading=\"lazy\" decoding=\"async\" class=\"wp-image-3090 size-medium\" src=\"https:\/\/periodicolarepublica.com\/wp-content\/uploads\/2025\/04\/bpd250x250-300x158.jpg\" alt=\"\" width=\"300\" height=\"158\" srcset=\"https:\/\/periodicolarepublica.com\/wp-content\/uploads\/2025\/04\/bpd250x250-300x158.jpg 300w, https:\/\/periodicolarepublica.com\/wp-content\/uploads\/2025\/04\/bpd250x250-1024x538.jpg 1024w, https:\/\/periodicolarepublica.com\/wp-content\/uploads\/2025\/04\/bpd250x250-768x403.jpg 768w, https:\/\/periodicolarepublica.com\/wp-content\/uploads\/2025\/04\/bpd250x250-150x79.jpg 150w, https:\/\/periodicolarepublica.com\/wp-content\/uploads\/2025\/04\/bpd250x250-600x315.jpg 600w, https:\/\/periodicolarepublica.com\/wp-content\/uploads\/2025\/04\/bpd250x250-696x365.jpg 696w, https:\/\/periodicolarepublica.com\/wp-content\/uploads\/2025\/04\/bpd250x250-1068x561.jpg 1068w, https:\/\/periodicolarepublica.com\/wp-content\/uploads\/2025\/04\/bpd250x250.jpg 1200w\" sizes=\"auto, (max-width: 300px) 100vw, 300px\" \/><figcaption id=\"caption-attachment-3090\" class=\"wp-caption-text\">Banco Popular<\/figcaption><\/figure>\n","protected":false},"excerpt":{"rendered":"<p>Calificadora destaca su fortaleza financiera, liderazgo y gesti\u00f3n prudente Santo Domingo, D.N. \u2013 El Banco Popular Dominicano recibi\u00f3 la confirmaci\u00f3n de la m\u00e1s alta calificaci\u00f3n de solvencia del mercado, \u201cAAA\u201d, con perspectiva estable, por parte de la agencia calificadora Feller-Rate, que reconoce el robusto perfil de negocios de la organizaci\u00f3n financiera y destaca su capacidad [&hellip;]<\/p>\n","protected":false},"author":6,"featured_media":3090,"comment_status":"open","ping_status":"open","sticky":false,"template":"","format":"standard","meta":{"om_disable_all_campaigns":false,"_monsterinsights_skip_tracking":false,"_monsterinsights_sitenote_active":false,"_monsterinsights_sitenote_note":"","_monsterinsights_sitenote_category":0,"footnotes":""},"categories":[33,1],"tags":[36],"class_list":{"0":"post-3873","1":"post","2":"type-post","3":"status-publish","4":"format-standard","5":"has-post-thumbnail","7":"category-canal-financiero","8":"category-nacionales","9":"tag-banco-popular"},"aioseo_notices":[],"_links":{"self":[{"href":"https:\/\/periodicolarepublica.com\/index.php\/wp-json\/wp\/v2\/posts\/3873","targetHints":{"allow":["GET"]}}],"collection":[{"href":"https:\/\/periodicolarepublica.com\/index.php\/wp-json\/wp\/v2\/posts"}],"about":[{"href":"https:\/\/periodicolarepublica.com\/index.php\/wp-json\/wp\/v2\/types\/post"}],"author":[{"embeddable":true,"href":"https:\/\/periodicolarepublica.com\/index.php\/wp-json\/wp\/v2\/users\/6"}],"replies":[{"embeddable":true,"href":"https:\/\/periodicolarepublica.com\/index.php\/wp-json\/wp\/v2\/comments?post=3873"}],"version-history":[{"count":1,"href":"https:\/\/periodicolarepublica.com\/index.php\/wp-json\/wp\/v2\/posts\/3873\/revisions"}],"predecessor-version":[{"id":3874,"href":"https:\/\/periodicolarepublica.com\/index.php\/wp-json\/wp\/v2\/posts\/3873\/revisions\/3874"}],"wp:featuredmedia":[{"embeddable":true,"href":"https:\/\/periodicolarepublica.com\/index.php\/wp-json\/wp\/v2\/media\/3090"}],"wp:attachment":[{"href":"https:\/\/periodicolarepublica.com\/index.php\/wp-json\/wp\/v2\/media?parent=3873"}],"wp:term":[{"taxonomy":"category","embeddable":true,"href":"https:\/\/periodicolarepublica.com\/index.php\/wp-json\/wp\/v2\/categories?post=3873"},{"taxonomy":"post_tag","embeddable":true,"href":"https:\/\/periodicolarepublica.com\/index.php\/wp-json\/wp\/v2\/tags?post=3873"}],"curies":[{"name":"wp","href":"https:\/\/api.w.org\/{rel}","templated":true}]}}