{"id":3878,"date":"2025-08-11T14:53:33","date_gmt":"2025-08-11T12:53:33","guid":{"rendered":"https:\/\/periodicolarepublica.com\/?p=3878"},"modified":"2025-08-11T14:57:30","modified_gmt":"2025-08-11T12:57:30","slug":"tomas-hernandez-alberto-destacado-miembro-del-prm-sumen-5-anos-del-presidente-luis-abinader","status":"publish","type":"post","link":"https:\/\/periodicolarepublica.com\/index.php\/2025\/08\/11\/tomas-hernandez-alberto-destacado-miembro-del-prm-sumen-5-anos-del-presidente-luis-abinader\/","title":{"rendered":"Tom\u00e1s Hern\u00e1ndez Alberto, destacado Miembro del PRM, resalta logros del presidente Luis Abinader"},"content":{"rendered":"<p>Santo Domingo, R.D. \u2013 El dirigente pol\u00edtico y miembro destacado del Partido Revolucionario Moderno (PRM), Tom\u00e1s Hern\u00e1ndez Alberto, valor\u00f3 de manera positiva los cinco a\u00f1os de gesti\u00f3n del presidente Luis Abinader, resaltando los grandes avances y transformaciones impulsadas por su gobierno a favor del pueblo dominicano.<\/p>\n<p>&nbsp;<\/p>\n<p>Durante su participaci\u00f3n en el programa televisivo Voz, Hern\u00e1ndez Alberto record\u00f3 que, de esos cinco a\u00f1os, los dos primeros estuvieron marcados por la pandemia del COVID-19, un periodo en el que el mandatario dedic\u00f3 todos sus esfuerzos a salvar vidas, garantizar la estabilidad sanitaria y mantener la econom\u00eda en pie en medio de una crisis mundial sin precedentes.<\/p>\n<p>&nbsp;<\/p>\n<p>El dirigente del PRM subray\u00f3 que el manejo de la pandemia por parte del presidente Abinader fue reconocido a nivel nacional e internacional, coloc\u00e1ndolo como un l\u00edder que supo actuar con firmeza, transparencia y cercan\u00eda al pueblo en los momentos m\u00e1s dif\u00edciles. \u201cEsos dos a\u00f1os no fueron de inactividad, sino de lucha constante para proteger a la naci\u00f3n y salir vencedores de un desaf\u00edo que paraliz\u00f3 al mundo\u201d, puntualiz\u00f3.<\/p>\n<p>&nbsp;<\/p>\n<p>Agreg\u00f3 que, superada la emergencia sanitaria, el presidente Abinader se concentr\u00f3 en impulsar obras e iniciativas de desarrollo que hoy son una realidad. Entre ellas mencion\u00f3 el Monorriel y el Telef\u00e9rico de Santiago, el Metro y Telef\u00e9rico de Los Alcarrizos, el desnivel de la avenida 27 de Febrero con pintura, as\u00ed como la remodelaci\u00f3n de hospitales, polideportivos y malecones en distintas provincias.<\/p>\n<p>&nbsp;<\/p>\n<p>Asimismo, destac\u00f3 la gran inversi\u00f3n del gobierno en programas sociales y comunitarios como El Gobierno Contigo y El Gobierno en las Provincias, iniciativas que han llevado soluciones directas a las familias m\u00e1s necesitadas, fortaleciendo el v\u00ednculo entre el Estado y la ciudadan\u00eda.<\/p>\n<p>&nbsp;<\/p>\n<p>Hern\u00e1ndez Alberto respondi\u00f3 a las cr\u00edticas de la oposici\u00f3n que aseguran que el gobierno no ha hecho nada, invitando a quienes sostienen esa postura a \u201cmirar con objetividad\u201d las obras y proyectos que est\u00e1n transformando el pa\u00eds. \u201cEn menos de tres a\u00f1os de gesti\u00f3n activa, el presidente Abinader ha hecho m\u00e1s por la gente que lo que otros lograron en veinte a\u00f1os de gobierno\u201d, afirm\u00f3.<\/p>\n<p>&nbsp;<\/p>\n<p>Para el dirigente pol\u00edtico, es importante que la poblaci\u00f3n comprenda que el balance de los cinco a\u00f1os de gesti\u00f3n debe considerar que dos de ellos estuvieron dedicados a enfrentar la pandemia. \u201cSi restamos ese tiempo de lucha sanitaria, vemos que en apenas tres a\u00f1os de ejecuci\u00f3n, este gobierno ha marcado un antes y un despu\u00e9s en la historia del desarrollo nacional\u201d, se\u00f1al\u00f3.<\/p>\n<p>&nbsp;<\/p>\n<p>Finalmente, Hern\u00e1ndez Alberto reiter\u00f3 su respaldo al presidente Luis Abinader, asegurando que el liderazgo, la transparencia y la visi\u00f3n de futuro que ha demostrado son la mejor garant\u00eda de que el pa\u00eds continuar\u00e1 por la senda del crecimiento y la estabilidad. \u201cEste es un presidente que trabaja para la gente, que escucha y que cumple, y los hechos est\u00e1n ah\u00ed para demostrarlo\u201d, concluy\u00f3.<img loading=\"lazy\" decoding=\"async\" class=\"size-medium wp-image-1804 alignright\" src=\"https:\/\/periodicolarepublica.com\/wp-content\/uploads\/2024\/10\/IMG-20240525-WA0100-300x200.jpg\" alt=\"\" width=\"300\" height=\"200\" srcset=\"https:\/\/periodicolarepublica.com\/wp-content\/uploads\/2024\/10\/IMG-20240525-WA0100-300x200.jpg?v=1727804560 300w, https:\/\/periodicolarepublica.com\/wp-content\/uploads\/2024\/10\/IMG-20240525-WA0100-1024x682.jpg?v=1727804560 1024w, https:\/\/periodicolarepublica.com\/wp-content\/uploads\/2024\/10\/IMG-20240525-WA0100-768x511.jpg?v=1727804560 768w, https:\/\/periodicolarepublica.com\/wp-content\/uploads\/2024\/10\/IMG-20240525-WA0100-150x100.jpg?v=1727804560 150w, https:\/\/periodicolarepublica.com\/wp-content\/uploads\/2024\/10\/IMG-20240525-WA0100-600x399.jpg?v=1727804560 600w, https:\/\/periodicolarepublica.com\/wp-content\/uploads\/2024\/10\/IMG-20240525-WA0100-696x463.jpg?v=1727804560 696w, https:\/\/periodicolarepublica.com\/wp-content\/uploads\/2024\/10\/IMG-20240525-WA0100-1068x711.jpg?v=1727804560 1068w, https:\/\/periodicolarepublica.com\/wp-content\/uploads\/2024\/10\/IMG-20240525-WA0100.jpg?v=1727804560 1080w\" sizes=\"auto, (max-width: 300px) 100vw, 300px\" \/><\/p>\n","protected":false},"excerpt":{"rendered":"<p>Santo Domingo, R.D. \u2013 El dirigente pol\u00edtico y miembro destacado del Partido Revolucionario Moderno (PRM), Tom\u00e1s Hern\u00e1ndez Alberto, valor\u00f3 de manera positiva los cinco a\u00f1os de gesti\u00f3n del presidente Luis Abinader, resaltando los grandes avances y transformaciones impulsadas por su gobierno a favor del pueblo dominicano. &nbsp; Durante su participaci\u00f3n en el programa televisivo Voz, [&hellip;]<\/p>\n","protected":false},"author":10,"featured_media":1804,"comment_status":"open","ping_status":"open","sticky":false,"template":"","format":"standard","meta":{"om_disable_all_campaigns":false,"_monsterinsights_skip_tracking":false,"_monsterinsights_sitenote_active":false,"_monsterinsights_sitenote_note":"","_monsterinsights_sitenote_category":0,"footnotes":""},"categories":[1],"tags":[163],"class_list":{"0":"post-3878","1":"post","2":"type-post","3":"status-publish","4":"format-standard","5":"has-post-thumbnail","7":"category-nacionales","8":"tag-tomas-hernandez-alberto"},"aioseo_notices":[],"_links":{"self":[{"href":"https:\/\/periodicolarepublica.com\/index.php\/wp-json\/wp\/v2\/posts\/3878","targetHints":{"allow":["GET"]}}],"collection":[{"href":"https:\/\/periodicolarepublica.com\/index.php\/wp-json\/wp\/v2\/posts"}],"about":[{"href":"https:\/\/periodicolarepublica.com\/index.php\/wp-json\/wp\/v2\/types\/post"}],"author":[{"embeddable":true,"href":"https:\/\/periodicolarepublica.com\/index.php\/wp-json\/wp\/v2\/users\/10"}],"replies":[{"embeddable":true,"href":"https:\/\/periodicolarepublica.com\/index.php\/wp-json\/wp\/v2\/comments?post=3878"}],"version-history":[{"count":3,"href":"https:\/\/periodicolarepublica.com\/index.php\/wp-json\/wp\/v2\/posts\/3878\/revisions"}],"predecessor-version":[{"id":3881,"href":"https:\/\/periodicolarepublica.com\/index.php\/wp-json\/wp\/v2\/posts\/3878\/revisions\/3881"}],"wp:featuredmedia":[{"embeddable":true,"href":"https:\/\/periodicolarepublica.com\/index.php\/wp-json\/wp\/v2\/media\/1804"}],"wp:attachment":[{"href":"https:\/\/periodicolarepublica.com\/index.php\/wp-json\/wp\/v2\/media?parent=3878"}],"wp:term":[{"taxonomy":"category","embeddable":true,"href":"https:\/\/periodicolarepublica.com\/index.php\/wp-json\/wp\/v2\/categories?post=3878"},{"taxonomy":"post_tag","embeddable":true,"href":"https:\/\/periodicolarepublica.com\/index.php\/wp-json\/wp\/v2\/tags?post=3878"}],"curies":[{"name":"wp","href":"https:\/\/api.w.org\/{rel}","templated":true}]}}