{"id":3882,"date":"2025-08-11T21:35:45","date_gmt":"2025-08-11T19:35:45","guid":{"rendered":"https:\/\/periodicolarepublica.com\/?p=3882"},"modified":"2025-08-11T21:35:45","modified_gmt":"2025-08-11T19:35:45","slug":"edeeste-informa-averia-en-subestacion-capotillo-afecta-varios-sectores-del-dn","status":"publish","type":"post","link":"https:\/\/periodicolarepublica.com\/index.php\/2025\/08\/11\/edeeste-informa-averia-en-subestacion-capotillo-afecta-varios-sectores-del-dn\/","title":{"rendered":"Edeeste informa aver\u00eda en subestaci\u00f3n Capotillo afecta varios sectores del DN"},"content":{"rendered":"<p>Santo Domingo. \u2013 La Empresa Distribuidora de Electricidad del Este (Edeeste) informa que actualmente sus t\u00e9cnicos se encuentran trabajando en una aver\u00eda que afecta todos los circuitos de la subestaci\u00f3n Capotillo en el Distrito Nacional.<\/p>\n<p>Edeeste se\u00f1ala que los conductores del circuito siete (7) presentan falla en la parte interna de la subestaci\u00f3n, lo que oblig\u00f3 a actuar de emergencia en la apertura del resto de los circuitos y ambos transformadores de potencia de la subestaci\u00f3n del Capotillo.<\/p>\n<p>Los sectores afectados por la aver\u00eda son Ensanche Espaillat, Ensanche Luper\u00f3n, Villa Mar\u00eda, Mejoramiento Social, Villa Consuelo, Villa Juana, Ensanche Capotillo, La Zurza, Los Manguitos, Villas Agr\u00edcolas, 24 de Abril, Ensanche Sim\u00f3n Bol\u00edvar, Gualey, Las Ca\u00f1itas y Brisa de la Isabel.<\/p>\n<p>La empresa distribuidora de electricidad adelanta a sus clientes que el personal t\u00e9cnico de redes y operaciones se encuentran en la subestaci\u00f3n realizando la inspecci\u00f3n de lugar para restablecer el servicio el\u00e9ctrico.<\/p>\n<p>Edeeste pide a los moradores de estos sectores mantener la calma hasta tanto se concluya con el proceso de normalizaci\u00f3n ante la aver\u00eda presentada, al tiempo de reiterar su compromiso de seguir mejorando la calidad del suministro.<img loading=\"lazy\" decoding=\"async\" class=\"size-medium wp-image-3883 alignright\" src=\"https:\/\/periodicolarepublica.com\/wp-content\/uploads\/2025\/08\/IMG-20250811-WA0470-e1754940916207-300x131.jpg\" alt=\"\" width=\"300\" height=\"131\" srcset=\"https:\/\/periodicolarepublica.com\/wp-content\/uploads\/2025\/08\/IMG-20250811-WA0470-e1754940916207-300x131.jpg?v=1754940869 300w, https:\/\/periodicolarepublica.com\/wp-content\/uploads\/2025\/08\/IMG-20250811-WA0470-e1754940916207-1024x446.jpg?v=1754940869 1024w, https:\/\/periodicolarepublica.com\/wp-content\/uploads\/2025\/08\/IMG-20250811-WA0470-e1754940916207-768x335.jpg?v=1754940869 768w, https:\/\/periodicolarepublica.com\/wp-content\/uploads\/2025\/08\/IMG-20250811-WA0470-e1754940916207-150x65.jpg?v=1754940869 150w, https:\/\/periodicolarepublica.com\/wp-content\/uploads\/2025\/08\/IMG-20250811-WA0470-e1754940916207-600x262.jpg?v=1754940869 600w, https:\/\/periodicolarepublica.com\/wp-content\/uploads\/2025\/08\/IMG-20250811-WA0470-e1754940916207-696x303.jpg?v=1754940869 696w, https:\/\/periodicolarepublica.com\/wp-content\/uploads\/2025\/08\/IMG-20250811-WA0470-e1754940916207-1068x466.jpg?v=1754940869 1068w, https:\/\/periodicolarepublica.com\/wp-content\/uploads\/2025\/08\/IMG-20250811-WA0470-e1754940916207.jpg?v=1754940869 1280w\" sizes=\"auto, (max-width: 300px) 100vw, 300px\" \/><\/p>\n","protected":false},"excerpt":{"rendered":"<p>Santo Domingo. \u2013 La Empresa Distribuidora de Electricidad del Este (Edeeste) informa que actualmente sus t\u00e9cnicos se encuentran trabajando en una aver\u00eda que afecta todos los circuitos de la subestaci\u00f3n Capotillo en el Distrito Nacional. Edeeste se\u00f1ala que los conductores del circuito siete (7) presentan falla en la parte interna de la subestaci\u00f3n, lo que [&hellip;]<\/p>\n","protected":false},"author":10,"featured_media":3883,"comment_status":"open","ping_status":"open","sticky":false,"template":"","format":"standard","meta":{"om_disable_all_campaigns":false,"_monsterinsights_skip_tracking":false,"_monsterinsights_sitenote_active":false,"_monsterinsights_sitenote_note":"","_monsterinsights_sitenote_category":0,"footnotes":""},"categories":[1],"tags":[],"class_list":{"0":"post-3882","1":"post","2":"type-post","3":"status-publish","4":"format-standard","5":"has-post-thumbnail","7":"category-nacionales"},"aioseo_notices":[],"_links":{"self":[{"href":"https:\/\/periodicolarepublica.com\/index.php\/wp-json\/wp\/v2\/posts\/3882","targetHints":{"allow":["GET"]}}],"collection":[{"href":"https:\/\/periodicolarepublica.com\/index.php\/wp-json\/wp\/v2\/posts"}],"about":[{"href":"https:\/\/periodicolarepublica.com\/index.php\/wp-json\/wp\/v2\/types\/post"}],"author":[{"embeddable":true,"href":"https:\/\/periodicolarepublica.com\/index.php\/wp-json\/wp\/v2\/users\/10"}],"replies":[{"embeddable":true,"href":"https:\/\/periodicolarepublica.com\/index.php\/wp-json\/wp\/v2\/comments?post=3882"}],"version-history":[{"count":1,"href":"https:\/\/periodicolarepublica.com\/index.php\/wp-json\/wp\/v2\/posts\/3882\/revisions"}],"predecessor-version":[{"id":3884,"href":"https:\/\/periodicolarepublica.com\/index.php\/wp-json\/wp\/v2\/posts\/3882\/revisions\/3884"}],"wp:featuredmedia":[{"embeddable":true,"href":"https:\/\/periodicolarepublica.com\/index.php\/wp-json\/wp\/v2\/media\/3883"}],"wp:attachment":[{"href":"https:\/\/periodicolarepublica.com\/index.php\/wp-json\/wp\/v2\/media?parent=3882"}],"wp:term":[{"taxonomy":"category","embeddable":true,"href":"https:\/\/periodicolarepublica.com\/index.php\/wp-json\/wp\/v2\/categories?post=3882"},{"taxonomy":"post_tag","embeddable":true,"href":"https:\/\/periodicolarepublica.com\/index.php\/wp-json\/wp\/v2\/tags?post=3882"}],"curies":[{"name":"wp","href":"https:\/\/api.w.org\/{rel}","templated":true}]}}