{"id":3885,"date":"2025-08-11T21:39:06","date_gmt":"2025-08-11T19:39:06","guid":{"rendered":"https:\/\/periodicolarepublica.com\/?p=3885"},"modified":"2025-08-11T21:39:06","modified_gmt":"2025-08-11T19:39:06","slug":"miguel-camacho-destaca-logros-de-infraestructura-social-e-institucional-del-presidente-abinade","status":"publish","type":"post","link":"https:\/\/periodicolarepublica.com\/index.php\/2025\/08\/11\/miguel-camacho-destaca-logros-de-infraestructura-social-e-institucional-del-presidente-abinade\/","title":{"rendered":"Miguel Camacho destaca logros de infraestructura social e institucional del presidente Abinade"},"content":{"rendered":"<p>Santo Domingo. \u2013 Miguel Camacho, presidente del Movimiento Avanzada Democr\u00e1tica Moderna, resalt\u00f3 este lunes los avances alcanzados en materia de infraestructura social e institucional ejecutados durante los primeros cinco a\u00f1os de gesti\u00f3n del presidente Luis Abinader, asegurando que estas ejecutorias marcan un antes y un despu\u00e9s en la historia reciente del pa\u00eds.<\/p>\n<p>&nbsp;<\/p>\n<p>\u201cEl presidente Luis Abinader ha transformado la manera de gobernar, colocando la inversi\u00f3n en infraestructura social, la transparencia y el fortalecimiento institucional como ejes centrales para garantizar el desarrollo sostenible de la Rep\u00fablica Dominicana\u201d, dijo Camacho.<\/p>\n<p>&nbsp;<\/p>\n<p>Resalt\u00f3 adem\u00e1s que las obras no solo responden a demandas hist\u00f3ricas, sino que \u00abse han ejecutado con transparencia y visi\u00f3n de futuro\u00bb.<\/p>\n<p>&nbsp;<\/p>\n<p>Al valorar estos cinco a\u00f1os de gesti\u00f3n, el veterano dirigente pol\u00edtico destac\u00f3 proyectos de alto impacto como la modernizaci\u00f3n de hospitales, la construcci\u00f3n y rehabilitaci\u00f3n de escuelas, as\u00ed como la mejora de redes viales que conectan comunidades productivas con los principales mercados.<\/p>\n<p>&nbsp;<\/p>\n<p>\u201cEstamos ante un gobierno que entiende que la infraestructura social es una herramienta de equidad y progreso\u201d, subray\u00f3.<\/p>\n<p>&nbsp;<\/p>\n<p>Asimismo, resalt\u00f3 los avances en la institucionalidad del Estado, se\u00f1alando que la gesti\u00f3n del presidente Abinader ha fortalecido la confianza ciudadana mediante pol\u00edticas de rendici\u00f3n de cuentas y la implementaci\u00f3n de mecanismos modernos de control administrativo, con los que se puede asegurar que \u201choy contamos con un Estado m\u00e1s abierto, m\u00e1s responsable y m\u00e1s cercano a la gente\u201d.<\/p>\n<p>&nbsp;<\/p>\n<p>El presidente del Movimiento Avanzada Democr\u00e1tica Moderna consider\u00f3 que el panorama para los pr\u00f3ximos tres a\u00f1os es altamente positivo, gracias a la planificaci\u00f3n estrat\u00e9gica que ha caracterizado la actual administraci\u00f3n. Se\u00f1al\u00f3 que la continuidad de proyectos de infraestructura y programas sociales garantizar\u00e1 un crecimiento inclusivo y sostenible.<\/p>\n<p>&nbsp;<\/p>\n<p>\u201cSi en cinco a\u00f1os hemos logrado un impacto tan significativo, en los pr\u00f3ximos tres a\u00f1os veremos consolidarse obras y reformas que seguir\u00e1n elevando la calidad de vida de los dominicanos\u201d, asegur\u00f3 Miguel Camacho.<\/p>\n<p>&nbsp;<\/p>\n<p>El reconocido pol\u00edtico record\u00f3 que la visi\u00f3n del presidente Abinader est\u00e1 alineada con un modelo de desarrollo integral, en el que las inversiones en infraestructura van de la mano con la mejora de servicios p\u00fablicos esenciales como agua, energ\u00eda y transporte. En ese sentido, asegur\u00f3 que su movimiento pol\u00edtico seguir\u00e1 respaldando cada iniciativa que impulse el bienestar colectivo.<img loading=\"lazy\" decoding=\"async\" class=\"size-medium wp-image-3886 alignright\" src=\"https:\/\/periodicolarepublica.com\/wp-content\/uploads\/2025\/08\/IMG-20250811-WA0472-300x199.jpg\" alt=\"\" width=\"300\" height=\"199\" srcset=\"https:\/\/periodicolarepublica.com\/wp-content\/uploads\/2025\/08\/IMG-20250811-WA0472-300x199.jpg?v=1754941127 300w, https:\/\/periodicolarepublica.com\/wp-content\/uploads\/2025\/08\/IMG-20250811-WA0472-1024x678.jpg?v=1754941127 1024w, https:\/\/periodicolarepublica.com\/wp-content\/uploads\/2025\/08\/IMG-20250811-WA0472-768x508.jpg?v=1754941127 768w, https:\/\/periodicolarepublica.com\/wp-content\/uploads\/2025\/08\/IMG-20250811-WA0472-150x99.jpg?v=1754941127 150w, https:\/\/periodicolarepublica.com\/wp-content\/uploads\/2025\/08\/IMG-20250811-WA0472-600x397.jpg?v=1754941127 600w, https:\/\/periodicolarepublica.com\/wp-content\/uploads\/2025\/08\/IMG-20250811-WA0472-696x461.jpg?v=1754941127 696w, https:\/\/periodicolarepublica.com\/wp-content\/uploads\/2025\/08\/IMG-20250811-WA0472-1068x707.jpg?v=1754941127 1068w, https:\/\/periodicolarepublica.com\/wp-content\/uploads\/2025\/08\/IMG-20250811-WA0472.jpg?v=1754941127 1086w\" sizes=\"auto, (max-width: 300px) 100vw, 300px\" \/><\/p>\n","protected":false},"excerpt":{"rendered":"<p>Santo Domingo. \u2013 Miguel Camacho, presidente del Movimiento Avanzada Democr\u00e1tica Moderna, resalt\u00f3 este lunes los avances alcanzados en materia de infraestructura social e institucional ejecutados durante los primeros cinco a\u00f1os de gesti\u00f3n del presidente Luis Abinader, asegurando que estas ejecutorias marcan un antes y un despu\u00e9s en la historia reciente del pa\u00eds. &nbsp; \u201cEl presidente [&hellip;]<\/p>\n","protected":false},"author":10,"featured_media":3886,"comment_status":"open","ping_status":"open","sticky":false,"template":"","format":"standard","meta":{"om_disable_all_campaigns":false,"_monsterinsights_skip_tracking":false,"_monsterinsights_sitenote_active":false,"_monsterinsights_sitenote_note":"","_monsterinsights_sitenote_category":0,"footnotes":""},"categories":[1],"tags":[],"class_list":{"0":"post-3885","1":"post","2":"type-post","3":"status-publish","4":"format-standard","5":"has-post-thumbnail","7":"category-nacionales"},"aioseo_notices":[],"_links":{"self":[{"href":"https:\/\/periodicolarepublica.com\/index.php\/wp-json\/wp\/v2\/posts\/3885","targetHints":{"allow":["GET"]}}],"collection":[{"href":"https:\/\/periodicolarepublica.com\/index.php\/wp-json\/wp\/v2\/posts"}],"about":[{"href":"https:\/\/periodicolarepublica.com\/index.php\/wp-json\/wp\/v2\/types\/post"}],"author":[{"embeddable":true,"href":"https:\/\/periodicolarepublica.com\/index.php\/wp-json\/wp\/v2\/users\/10"}],"replies":[{"embeddable":true,"href":"https:\/\/periodicolarepublica.com\/index.php\/wp-json\/wp\/v2\/comments?post=3885"}],"version-history":[{"count":1,"href":"https:\/\/periodicolarepublica.com\/index.php\/wp-json\/wp\/v2\/posts\/3885\/revisions"}],"predecessor-version":[{"id":3887,"href":"https:\/\/periodicolarepublica.com\/index.php\/wp-json\/wp\/v2\/posts\/3885\/revisions\/3887"}],"wp:featuredmedia":[{"embeddable":true,"href":"https:\/\/periodicolarepublica.com\/index.php\/wp-json\/wp\/v2\/media\/3886"}],"wp:attachment":[{"href":"https:\/\/periodicolarepublica.com\/index.php\/wp-json\/wp\/v2\/media?parent=3885"}],"wp:term":[{"taxonomy":"category","embeddable":true,"href":"https:\/\/periodicolarepublica.com\/index.php\/wp-json\/wp\/v2\/categories?post=3885"},{"taxonomy":"post_tag","embeddable":true,"href":"https:\/\/periodicolarepublica.com\/index.php\/wp-json\/wp\/v2\/tags?post=3885"}],"curies":[{"name":"wp","href":"https:\/\/api.w.org\/{rel}","templated":true}]}}