{"id":3899,"date":"2025-08-18T03:20:21","date_gmt":"2025-08-18T01:20:21","guid":{"rendered":"https:\/\/periodicolarepublica.com\/?p=3899"},"modified":"2025-08-18T03:20:21","modified_gmt":"2025-08-18T01:20:21","slug":"alberto-caminero-periodista-de-trayectoria-en-prensa-del-presidente","status":"publish","type":"post","link":"https:\/\/periodicolarepublica.com\/index.php\/2025\/08\/18\/alberto-caminero-periodista-de-trayectoria-en-prensa-del-presidente\/","title":{"rendered":"Alberto Caminero: \u201cPeriodista de trayectoria en prensa del presidente\u00bb"},"content":{"rendered":"<p>El presidente Luis Abinader design\u00f3 mediante el Decreto 461-25 a Alberto Caminero como nuevo director del departamento de prensa del Presidente en el marco de los cambios de su segundo mandato.<\/p>\n<p>Caminero con amplia experiencia los medios. Ha sido editor y director en prensa, adem\u00e1s de asesor en comunicaci\u00f3n estrat\u00e9gica.<\/p>\n<p>Su trayectoria lo convierte en una figura respetada en el \u00e1mbito period\u00edstico, experiencias acumuladas en Telemicro,\u00a0 Alcald\u00eda, El Nacional,\u00a0 La Naci\u00f3n\u00a0 y \u00daltima Hora.<\/p>\n<p>Y es un profesional muy humano, lo que hemos compartido con el, cercano a la gente y los colegas,\u00a0 podr\u00eda ser sin duda, un gran aliado de los medios con la comunicaci\u00f3n del presidente.<\/p>\n<p>Deseando \u00e9xitos ante su nueva posici\u00f3n.<\/p>\n<p><img loading=\"lazy\" decoding=\"async\" class=\"alignnone size-medium wp-image-3901\" src=\"https:\/\/periodicolarepublica.com\/wp-content\/uploads\/2025\/08\/CAMINERO-640x603-1-e1755479895502-300x236.jpg\" alt=\"\" width=\"300\" height=\"236\" srcset=\"https:\/\/periodicolarepublica.com\/wp-content\/uploads\/2025\/08\/CAMINERO-640x603-1-e1755479895502-300x236.jpg 300w, https:\/\/periodicolarepublica.com\/wp-content\/uploads\/2025\/08\/CAMINERO-640x603-1-e1755479895502-150x118.jpg 150w, https:\/\/periodicolarepublica.com\/wp-content\/uploads\/2025\/08\/CAMINERO-640x603-1-e1755479895502.jpg 413w\" sizes=\"auto, (max-width: 300px) 100vw, 300px\" \/><\/p>\n<p>&nbsp;<\/p>\n<p>M\u00e1ximo Mi\u00f1oso<\/p>\n<p>Director Peri\u00f3dico La Rep\u00fablica<\/p>\n","protected":false},"excerpt":{"rendered":"<p>El presidente Luis Abinader design\u00f3 mediante el Decreto 461-25 a Alberto Caminero como nuevo director del departamento de prensa del Presidente en el marco de los cambios de su segundo mandato. Caminero con amplia experiencia los medios. Ha sido editor y director en prensa, adem\u00e1s de asesor en comunicaci\u00f3n estrat\u00e9gica. Su trayectoria lo convierte en [&hellip;]<\/p>\n","protected":false},"author":1,"featured_media":3901,"comment_status":"open","ping_status":"open","sticky":false,"template":"","format":"standard","meta":{"om_disable_all_campaigns":false,"_monsterinsights_skip_tracking":false,"_monsterinsights_sitenote_active":false,"_monsterinsights_sitenote_note":"","_monsterinsights_sitenote_category":0,"footnotes":""},"categories":[1],"tags":[451],"class_list":{"0":"post-3899","1":"post","2":"type-post","3":"status-publish","4":"format-standard","5":"has-post-thumbnail","7":"category-nacionales","8":"tag-alberto-caminero"},"aioseo_notices":[],"_links":{"self":[{"href":"https:\/\/periodicolarepublica.com\/index.php\/wp-json\/wp\/v2\/posts\/3899","targetHints":{"allow":["GET"]}}],"collection":[{"href":"https:\/\/periodicolarepublica.com\/index.php\/wp-json\/wp\/v2\/posts"}],"about":[{"href":"https:\/\/periodicolarepublica.com\/index.php\/wp-json\/wp\/v2\/types\/post"}],"author":[{"embeddable":true,"href":"https:\/\/periodicolarepublica.com\/index.php\/wp-json\/wp\/v2\/users\/1"}],"replies":[{"embeddable":true,"href":"https:\/\/periodicolarepublica.com\/index.php\/wp-json\/wp\/v2\/comments?post=3899"}],"version-history":[{"count":2,"href":"https:\/\/periodicolarepublica.com\/index.php\/wp-json\/wp\/v2\/posts\/3899\/revisions"}],"predecessor-version":[{"id":3902,"href":"https:\/\/periodicolarepublica.com\/index.php\/wp-json\/wp\/v2\/posts\/3899\/revisions\/3902"}],"wp:featuredmedia":[{"embeddable":true,"href":"https:\/\/periodicolarepublica.com\/index.php\/wp-json\/wp\/v2\/media\/3901"}],"wp:attachment":[{"href":"https:\/\/periodicolarepublica.com\/index.php\/wp-json\/wp\/v2\/media?parent=3899"}],"wp:term":[{"taxonomy":"category","embeddable":true,"href":"https:\/\/periodicolarepublica.com\/index.php\/wp-json\/wp\/v2\/categories?post=3899"},{"taxonomy":"post_tag","embeddable":true,"href":"https:\/\/periodicolarepublica.com\/index.php\/wp-json\/wp\/v2\/tags?post=3899"}],"curies":[{"name":"wp","href":"https:\/\/api.w.org\/{rel}","templated":true}]}}