{"id":39,"date":"2023-11-18T10:45:37","date_gmt":"2023-11-18T09:45:37","guid":{"rendered":"https:\/\/periodicolarepublica.com\/?p=39"},"modified":"2023-11-27T17:13:47","modified_gmt":"2023-11-27T16:13:47","slug":"embajador-rd-en-canada","status":"publish","type":"post","link":"https:\/\/periodicolarepublica.com\/index.php\/2023\/11\/18\/embajador-rd-en-canada\/","title":{"rendered":"Embajador RD en Canad\u00e1"},"content":{"rendered":"\n<figure class=\"wp-block-image size-full\"><img loading=\"lazy\" decoding=\"async\" width=\"1024\" height=\"768\" src=\"https:\/\/periodicolarepublica.com\/wp-content\/uploads\/2023\/11\/IMG-20231116-WA0060.jpg\" alt=\"Embajador Dominicano en Canad\u00e1, &quot;somos mas que turismo&quot;\" class=\"wp-image-40\" srcset=\"https:\/\/periodicolarepublica.com\/wp-content\/uploads\/2023\/11\/IMG-20231116-WA0060.jpg?v=1715379866 1024w, https:\/\/periodicolarepublica.com\/wp-content\/uploads\/2023\/11\/IMG-20231116-WA0060-300x225.jpg?v=1715379866 300w, https:\/\/periodicolarepublica.com\/wp-content\/uploads\/2023\/11\/IMG-20231116-WA0060-768x576.jpg?v=1715379866 768w\" sizes=\"auto, (max-width: 1024px) 100vw, 1024px\" \/><\/figure>\n\n\n\n<p>M\u00e1ximo Mi\u00f1oso de La Rep\u00fablica visito la Embajada de la Rep\u00fablica Dominicana en Canad\u00e1, y recibido por el Embajador Hans Dannenberg Castellanos.<\/p>\n\n\n\n<p>En momento clave para las relaciones  entre la Rep\u00fablica Dominicana y Canad\u00e1, Hans Dannenberg Castellanos present\u00f3 las cartas credenciales que lo acreditan como embajador dominicano en Ottawa, tambien destac\u00f3 la importancia de consolidar a la Rep\u00fablica Dominicana como un socio estrat\u00e9gico esencial de Canad\u00e1 en el Caribe y Latinoam\u00e9rica. Con \u00e9nfasis de potenciar el comercio, el turismo y las visitas de alto nivel.<\/p>\n","protected":false},"excerpt":{"rendered":"<p>M\u00e1ximo Mi\u00f1oso de La Rep\u00fablica visito la Embajada de la Rep\u00fablica Dominicana en Canad\u00e1, y recibido por el Embajador Hans Dannenberg Castellanos. En momento clave para las relaciones entre la Rep\u00fablica Dominicana y Canad\u00e1, Hans Dannenberg Castellanos present\u00f3 las cartas credenciales que lo acreditan como embajador dominicano en Ottawa, tambien destac\u00f3 la importancia de consolidar [&hellip;]<\/p>\n","protected":false},"author":1,"featured_media":40,"comment_status":"open","ping_status":"open","sticky":false,"template":"","format":"standard","meta":{"om_disable_all_campaigns":false,"_monsterinsights_skip_tracking":false,"_monsterinsights_sitenote_active":false,"_monsterinsights_sitenote_note":"","_monsterinsights_sitenote_category":0,"footnotes":""},"categories":[1],"tags":[],"class_list":{"0":"post-39","1":"post","2":"type-post","3":"status-publish","4":"format-standard","5":"has-post-thumbnail","7":"category-nacionales"},"aioseo_notices":[],"_links":{"self":[{"href":"https:\/\/periodicolarepublica.com\/index.php\/wp-json\/wp\/v2\/posts\/39","targetHints":{"allow":["GET"]}}],"collection":[{"href":"https:\/\/periodicolarepublica.com\/index.php\/wp-json\/wp\/v2\/posts"}],"about":[{"href":"https:\/\/periodicolarepublica.com\/index.php\/wp-json\/wp\/v2\/types\/post"}],"author":[{"embeddable":true,"href":"https:\/\/periodicolarepublica.com\/index.php\/wp-json\/wp\/v2\/users\/1"}],"replies":[{"embeddable":true,"href":"https:\/\/periodicolarepublica.com\/index.php\/wp-json\/wp\/v2\/comments?post=39"}],"version-history":[{"count":3,"href":"https:\/\/periodicolarepublica.com\/index.php\/wp-json\/wp\/v2\/posts\/39\/revisions"}],"predecessor-version":[{"id":118,"href":"https:\/\/periodicolarepublica.com\/index.php\/wp-json\/wp\/v2\/posts\/39\/revisions\/118"}],"wp:featuredmedia":[{"embeddable":true,"href":"https:\/\/periodicolarepublica.com\/index.php\/wp-json\/wp\/v2\/media\/40"}],"wp:attachment":[{"href":"https:\/\/periodicolarepublica.com\/index.php\/wp-json\/wp\/v2\/media?parent=39"}],"wp:term":[{"taxonomy":"category","embeddable":true,"href":"https:\/\/periodicolarepublica.com\/index.php\/wp-json\/wp\/v2\/categories?post=39"},{"taxonomy":"post_tag","embeddable":true,"href":"https:\/\/periodicolarepublica.com\/index.php\/wp-json\/wp\/v2\/tags?post=39"}],"curies":[{"name":"wp","href":"https:\/\/api.w.org\/{rel}","templated":true}]}}