{"id":390,"date":"2024-02-14T05:45:59","date_gmt":"2024-02-14T04:45:59","guid":{"rendered":"https:\/\/periodicolarepublica.com\/?p=390"},"modified":"2024-02-14T05:45:59","modified_gmt":"2024-02-14T04:45:59","slug":"astacio-en-cierre-de-campana-con-su-slogan-ya-llego-el-tiempo-de-dio","status":"publish","type":"post","link":"https:\/\/periodicolarepublica.com\/index.php\/2024\/02\/14\/astacio-en-cierre-de-campana-con-su-slogan-ya-llego-el-tiempo-de-dio\/","title":{"rendered":"Astacio, en cierre de campa\u00f1a con su slogan \u00abya llego el tiempo de Dio\u00bb"},"content":{"rendered":"<p><img loading=\"lazy\" decoding=\"async\" class=\"alignnone size-medium wp-image-391\" src=\"https:\/\/periodicolarepublica.com\/wp-content\/uploads\/2024\/02\/Picsart_24-02-14_00-43-42-051-300x169.jpg\" alt=\"\" width=\"300\" height=\"169\" srcset=\"https:\/\/periodicolarepublica.com\/wp-content\/uploads\/2024\/02\/Picsart_24-02-14_00-43-42-051-300x169.jpg?v=1715379817 300w, https:\/\/periodicolarepublica.com\/wp-content\/uploads\/2024\/02\/Picsart_24-02-14_00-43-42-051-1024x576.jpg?v=1715379817 1024w, https:\/\/periodicolarepublica.com\/wp-content\/uploads\/2024\/02\/Picsart_24-02-14_00-43-42-051-768x432.jpg?v=1715379817 768w, https:\/\/periodicolarepublica.com\/wp-content\/uploads\/2024\/02\/Picsart_24-02-14_00-43-42-051-1536x864.jpg?v=1715379817 1536w, https:\/\/periodicolarepublica.com\/wp-content\/uploads\/2024\/02\/Picsart_24-02-14_00-43-42-051-2048x1152.jpg?v=1715379817 2048w, https:\/\/periodicolarepublica.com\/wp-content\/uploads\/2024\/02\/Picsart_24-02-14_00-43-42-051-150x84.jpg?v=1715379817 150w, https:\/\/periodicolarepublica.com\/wp-content\/uploads\/2024\/02\/Picsart_24-02-14_00-43-42-051-600x338.jpg?v=1715379817 600w, https:\/\/periodicolarepublica.com\/wp-content\/uploads\/2024\/02\/Picsart_24-02-14_00-43-42-051-696x392.jpg?v=1715379817 696w, https:\/\/periodicolarepublica.com\/wp-content\/uploads\/2024\/02\/Picsart_24-02-14_00-43-42-051-1392x783.jpg?v=1715379817 1392w, https:\/\/periodicolarepublica.com\/wp-content\/uploads\/2024\/02\/Picsart_24-02-14_00-43-42-051-1068x601.jpg?v=1715379817 1068w, https:\/\/periodicolarepublica.com\/wp-content\/uploads\/2024\/02\/Picsart_24-02-14_00-43-42-051-1920x1080.jpg?v=1715379817 1920w\" sizes=\"auto, (max-width: 300px) 100vw, 300px\" \/><\/p>\n<p>Miles de personas se congregaron en el abandonado anfiteatro del Parque del Este para presenciar el cierre de campa\u00f1a del candidato Alcalde Dio Astacio. La gran multitud ocult\u00f3, el deteriorado lugar y es que la gran cantidad de personas era casi imposible percibir esas cosas.<\/p>\n<p>Pero lo importante es que el candidato, pudo realizar su cierre de campa\u00f1a, bajo su slogan \u00abHa llegado el tiempo de Dio\u00bb, donde la gente repet\u00eda una y otra vez, mientras sus seguidores lo ovacionaban y coreaban su lema.<\/p>\n<p>Dio, que ya tiene tiempo buscando la oportunidad de llegar a ocupar la alcald\u00eda, durante su campa\u00f1a ha logrado captar la atenci\u00f3n de muchos ciudadanos con su discurso directo y comprometido. Su campa\u00f1a se ha centrado en promover el desarrollo sostenible. Ha prometido trabajar incansablemente para mejorar la calidad de vida de todos los habitantes de esta ciudad.<\/p>\n<p>La espalda dada por el actual alcalde, el nombrado Manuel Jim\u00e9nez a la campa\u00f1a de Astacio, ha de ser lo mas positivo que ha podido tener el candidato, ya que con la gesti\u00f3n municipal llevada en estos 4 a\u00f1os, ha dejado mucho que desear y muy criticada por los mun\u00edcipes y que si este acompa\u00f1ara a Dio, podria ser seguro, que no conquistara la confianza de muchos, que estan disgustados con el alcalde Jim\u00e9nez.<\/p>\n<p>Finalmente, Dio Astacio entre aplausos y acompa\u00f1ado de la vicepresidenta de la Rep\u00fablica Raquel Pe\u00f1a, subi\u00f3 al escenario agradeciendo a todos por su apoyo y por creer en su visi\u00f3n y que tiene presente las necesidades de la comunidad y su compromiso de resolver los problemas que la aquejan.<\/p>\n<p>\u00abHa llegado el tiempo de Dio\u00bb, repet\u00edan una y otra vez, sus seguidores con gran ovacion y coreaban su lema.<\/p>\n","protected":false},"excerpt":{"rendered":"<p>Miles de personas se congregaron en el abandonado anfiteatro del Parque del Este para presenciar el cierre de campa\u00f1a del candidato Alcalde Dio Astacio. La gran multitud ocult\u00f3, el deteriorado lugar y es que la gran cantidad de personas era casi imposible percibir esas cosas. Pero lo importante es que el candidato, pudo realizar su [&hellip;]<\/p>\n","protected":false},"author":1,"featured_media":391,"comment_status":"open","ping_status":"open","sticky":false,"template":"","format":"standard","meta":{"om_disable_all_campaigns":false,"_monsterinsights_skip_tracking":false,"_monsterinsights_sitenote_active":false,"_monsterinsights_sitenote_note":"","_monsterinsights_sitenote_category":0,"footnotes":""},"categories":[1],"tags":[120,90,122,121],"class_list":{"0":"post-390","1":"post","2":"type-post","3":"status-publish","4":"format-standard","5":"has-post-thumbnail","7":"category-nacionales","8":"tag-astacio","9":"tag-dio-astacio","10":"tag-elecciones","11":"tag-votar"},"aioseo_notices":[],"_links":{"self":[{"href":"https:\/\/periodicolarepublica.com\/index.php\/wp-json\/wp\/v2\/posts\/390","targetHints":{"allow":["GET"]}}],"collection":[{"href":"https:\/\/periodicolarepublica.com\/index.php\/wp-json\/wp\/v2\/posts"}],"about":[{"href":"https:\/\/periodicolarepublica.com\/index.php\/wp-json\/wp\/v2\/types\/post"}],"author":[{"embeddable":true,"href":"https:\/\/periodicolarepublica.com\/index.php\/wp-json\/wp\/v2\/users\/1"}],"replies":[{"embeddable":true,"href":"https:\/\/periodicolarepublica.com\/index.php\/wp-json\/wp\/v2\/comments?post=390"}],"version-history":[{"count":1,"href":"https:\/\/periodicolarepublica.com\/index.php\/wp-json\/wp\/v2\/posts\/390\/revisions"}],"predecessor-version":[{"id":392,"href":"https:\/\/periodicolarepublica.com\/index.php\/wp-json\/wp\/v2\/posts\/390\/revisions\/392"}],"wp:featuredmedia":[{"embeddable":true,"href":"https:\/\/periodicolarepublica.com\/index.php\/wp-json\/wp\/v2\/media\/391"}],"wp:attachment":[{"href":"https:\/\/periodicolarepublica.com\/index.php\/wp-json\/wp\/v2\/media?parent=390"}],"wp:term":[{"taxonomy":"category","embeddable":true,"href":"https:\/\/periodicolarepublica.com\/index.php\/wp-json\/wp\/v2\/categories?post=390"},{"taxonomy":"post_tag","embeddable":true,"href":"https:\/\/periodicolarepublica.com\/index.php\/wp-json\/wp\/v2\/tags?post=390"}],"curies":[{"name":"wp","href":"https:\/\/api.w.org\/{rel}","templated":true}]}}