{"id":3903,"date":"2025-08-18T19:17:01","date_gmt":"2025-08-18T17:17:01","guid":{"rendered":"https:\/\/periodicolarepublica.com\/?p=3903"},"modified":"2025-08-18T19:17:01","modified_gmt":"2025-08-18T17:17:01","slug":"raquel-pena-juramenta-nuevos-incumbentes-en-banreservas-y-refidomsa","status":"publish","type":"post","link":"https:\/\/periodicolarepublica.com\/index.php\/2025\/08\/18\/raquel-pena-juramenta-nuevos-incumbentes-en-banreservas-y-refidomsa\/","title":{"rendered":"Raquel Pe\u00f1a juramenta nuevos incumbentes en Banreservas y Refidomsa"},"content":{"rendered":"<p>La vicepresidenta de la Rep\u00fablica Dominicana, Raquel Pe\u00f1a, posicion\u00f3 en sus nuevos cargos a Leonardo Aguilera como presidente ejecutivo del Banco de Reservas y a Samuel Pereyra como presidente de la Refiner\u00eda Dominicana de Petroleos (Refidomsa) en dos actos separados, durante la ma\u00f1ana de este lunes.<\/p>\n<p>Las juramentaciones de Aguilera y Pereyra tuvieron lugar en la torre Banreservas y la oficina administrativa de Refidomsa, respectivamente, al d\u00eda siguiente de ser designados mediante decreto 461-25, por el presidente Luis Abinader.<\/p>\n<figure id=\"attachment_3904\" aria-describedby=\"caption-attachment-3904\" style=\"width: 300px\" class=\"wp-caption alignnone\"><img loading=\"lazy\" decoding=\"async\" class=\"wp-image-3904 size-medium\" src=\"https:\/\/periodicolarepublica.com\/wp-content\/uploads\/2025\/08\/vicepresidencia-1080x694-1-e1755537280437-300x244.jpg\" alt=\"\" width=\"300\" height=\"244\" srcset=\"https:\/\/periodicolarepublica.com\/wp-content\/uploads\/2025\/08\/vicepresidencia-1080x694-1-e1755537280437-300x244.jpg 300w, https:\/\/periodicolarepublica.com\/wp-content\/uploads\/2025\/08\/vicepresidencia-1080x694-1-e1755537280437-150x122.jpg 150w, https:\/\/periodicolarepublica.com\/wp-content\/uploads\/2025\/08\/vicepresidencia-1080x694-1-e1755537280437-600x488.jpg 600w, https:\/\/periodicolarepublica.com\/wp-content\/uploads\/2025\/08\/vicepresidencia-1080x694-1-e1755537280437.jpg 610w\" sizes=\"auto, (max-width: 300px) 100vw, 300px\" \/><figcaption id=\"caption-attachment-3904\" class=\"wp-caption-text\">Raquel Pe\u00f1a la vicepresidenta de la Rep\u00fablica Dominicana, en compa\u00f1ia de Leonardo Aguilera y Samuel Pereyra<\/figcaption><\/figure>\n","protected":false},"excerpt":{"rendered":"<p>La vicepresidenta de la Rep\u00fablica Dominicana, Raquel Pe\u00f1a, posicion\u00f3 en sus nuevos cargos a Leonardo Aguilera como presidente ejecutivo del Banco de Reservas y a Samuel Pereyra como presidente de la Refiner\u00eda Dominicana de Petroleos (Refidomsa) en dos actos separados, durante la ma\u00f1ana de este lunes. Las juramentaciones de Aguilera y Pereyra tuvieron lugar en [&hellip;]<\/p>\n","protected":false},"author":6,"featured_media":3904,"comment_status":"open","ping_status":"open","sticky":false,"template":"","format":"standard","meta":{"om_disable_all_campaigns":false,"_monsterinsights_skip_tracking":false,"_monsterinsights_sitenote_active":false,"_monsterinsights_sitenote_note":"","_monsterinsights_sitenote_category":0,"footnotes":""},"categories":[1],"tags":[144],"class_list":{"0":"post-3903","1":"post","2":"type-post","3":"status-publish","4":"format-standard","5":"has-post-thumbnail","7":"category-nacionales","8":"tag-raquel-pena"},"aioseo_notices":[],"_links":{"self":[{"href":"https:\/\/periodicolarepublica.com\/index.php\/wp-json\/wp\/v2\/posts\/3903","targetHints":{"allow":["GET"]}}],"collection":[{"href":"https:\/\/periodicolarepublica.com\/index.php\/wp-json\/wp\/v2\/posts"}],"about":[{"href":"https:\/\/periodicolarepublica.com\/index.php\/wp-json\/wp\/v2\/types\/post"}],"author":[{"embeddable":true,"href":"https:\/\/periodicolarepublica.com\/index.php\/wp-json\/wp\/v2\/users\/6"}],"replies":[{"embeddable":true,"href":"https:\/\/periodicolarepublica.com\/index.php\/wp-json\/wp\/v2\/comments?post=3903"}],"version-history":[{"count":1,"href":"https:\/\/periodicolarepublica.com\/index.php\/wp-json\/wp\/v2\/posts\/3903\/revisions"}],"predecessor-version":[{"id":3905,"href":"https:\/\/periodicolarepublica.com\/index.php\/wp-json\/wp\/v2\/posts\/3903\/revisions\/3905"}],"wp:featuredmedia":[{"embeddable":true,"href":"https:\/\/periodicolarepublica.com\/index.php\/wp-json\/wp\/v2\/media\/3904"}],"wp:attachment":[{"href":"https:\/\/periodicolarepublica.com\/index.php\/wp-json\/wp\/v2\/media?parent=3903"}],"wp:term":[{"taxonomy":"category","embeddable":true,"href":"https:\/\/periodicolarepublica.com\/index.php\/wp-json\/wp\/v2\/categories?post=3903"},{"taxonomy":"post_tag","embeddable":true,"href":"https:\/\/periodicolarepublica.com\/index.php\/wp-json\/wp\/v2\/tags?post=3903"}],"curies":[{"name":"wp","href":"https:\/\/api.w.org\/{rel}","templated":true}]}}