{"id":3912,"date":"2025-08-19T13:21:28","date_gmt":"2025-08-19T11:21:28","guid":{"rendered":"https:\/\/periodicolarepublica.com\/?p=3912"},"modified":"2025-08-19T13:23:57","modified_gmt":"2025-08-19T11:23:57","slug":"gala-media-impulsa-dialogo-democracia-y-desarrollo-en-su-iv-edicion","status":"publish","type":"post","link":"https:\/\/periodicolarepublica.com\/index.php\/2025\/08\/19\/gala-media-impulsa-dialogo-democracia-y-desarrollo-en-su-iv-edicion\/","title":{"rendered":"Gala Media con el di\u00e1logo \u201cDemocracia y Desarrollo\u201d en IV edici\u00f3n"},"content":{"rendered":"<p>La Rep\u00fablica Dominicana ser\u00e1 escenario de un importante encuentro de reflexi\u00f3n sobre el futuro pol\u00edtico de la regi\u00f3n: la cuarta edici\u00f3n del di\u00e1logo \u201cDemocracia y Desarrollo\u201d, organizado por Gala Media Group.<\/p>\n<p>El primer panel, titulado \u201cJuventud y Participaci\u00f3n Pol\u00edtica\u201d, reunir\u00e1 a j\u00f3venes l\u00edderes y figuras influyentes del \u00e1mbito pol\u00edtico nacional e internacional, con el objetivo de analizar los retos de la democracia, la representaci\u00f3n de las nuevas generaciones y la construcci\u00f3n de agendas que conecten con la ciudadan\u00eda.<\/p>\n<p>Entre los panelistas invitados destacan:<\/p>\n<p>Lucia Jaramillo, presidenta de la Comisi\u00f3n de Relaciones Internacionales de la Asamblea Nacional de Ecuador.<\/p>\n<p>Omar Fern\u00e1ndez, senador del Distrito Nacional.<\/p>\n<p>Gabriela Avenda\u00f1o, asesora digital del presidente de Ecuador, Daniel Noboa.<\/p>\n<p>Gloria Reyes, miembro de la Direcci\u00f3n Ejecutiva del Partido Revolucionario Moderno (PRM).<\/p>\n<p>Juan Ariel Jim\u00e9nez, miembro del Comit\u00e9 Pol\u00edtico del Partido de la Liberaci\u00f3n Dominicana (PLD).<\/p>\n<p>El evento se celebrar\u00e1 en el Edificio Corporativo Mart\u00ed, ubicado en la avenida Winston Churchill esquina Manuel de Jes\u00fas Troncoso, el mi\u00e9rcoles\u00a0 20 de agosto del presente 2025 y se espera la asistencia de acad\u00e9micos, dirigentes pol\u00edticos, estudiantes y representantes de la sociedad civil interesados en la renovaci\u00f3n del liderazgo.<\/p>\n<p>Con esta iniciativa, Gala Media, dirigida por Ruddy de los Santos, reafirma su compromiso de servir como plataforma de an\u00e1lisis y discusi\u00f3n, donde confluyan visiones diversas para fortalecer la democracia y proyectar un liderazgo joven con incidencia real en la regi\u00f3n.<\/p>\n<figure id=\"attachment_3913\" aria-describedby=\"caption-attachment-3913\" style=\"width: 300px\" class=\"wp-caption alignnone\"><img loading=\"lazy\" decoding=\"async\" class=\"wp-image-3913 size-medium\" src=\"https:\/\/periodicolarepublica.com\/wp-content\/uploads\/2025\/08\/IMG_20250819_065120-300x237.jpg\" alt=\"\" width=\"300\" height=\"237\" srcset=\"https:\/\/periodicolarepublica.com\/wp-content\/uploads\/2025\/08\/IMG_20250819_065120-300x237.jpg 300w, https:\/\/periodicolarepublica.com\/wp-content\/uploads\/2025\/08\/IMG_20250819_065120-150x119.jpg 150w, https:\/\/periodicolarepublica.com\/wp-content\/uploads\/2025\/08\/IMG_20250819_065120.jpg 465w\" sizes=\"auto, (max-width: 300px) 100vw, 300px\" \/><figcaption id=\"caption-attachment-3913\" class=\"wp-caption-text\">Gala Media con el panel Juventud y Participaci\u00f3n Pol\u00edtica<\/figcaption><\/figure>\n","protected":false},"excerpt":{"rendered":"<p>La Rep\u00fablica Dominicana ser\u00e1 escenario de un importante encuentro de reflexi\u00f3n sobre el futuro pol\u00edtico de la regi\u00f3n: la cuarta edici\u00f3n del di\u00e1logo \u201cDemocracia y Desarrollo\u201d, organizado por Gala Media Group. El primer panel, titulado \u201cJuventud y Participaci\u00f3n Pol\u00edtica\u201d, reunir\u00e1 a j\u00f3venes l\u00edderes y figuras influyentes del \u00e1mbito pol\u00edtico nacional e internacional, con el objetivo [&hellip;]<\/p>\n","protected":false},"author":1,"featured_media":3913,"comment_status":"open","ping_status":"open","sticky":false,"template":"","format":"standard","meta":{"om_disable_all_campaigns":false,"_monsterinsights_skip_tracking":false,"_monsterinsights_sitenote_active":false,"_monsterinsights_sitenote_note":"","_monsterinsights_sitenote_category":0,"footnotes":""},"categories":[1,127],"tags":[452,179],"class_list":{"0":"post-3912","1":"post","2":"type-post","3":"status-publish","4":"format-standard","5":"has-post-thumbnail","7":"category-nacionales","8":"category-politica","9":"tag-gala-media","10":"tag-omar-fernandez"},"aioseo_notices":[],"_links":{"self":[{"href":"https:\/\/periodicolarepublica.com\/index.php\/wp-json\/wp\/v2\/posts\/3912","targetHints":{"allow":["GET"]}}],"collection":[{"href":"https:\/\/periodicolarepublica.com\/index.php\/wp-json\/wp\/v2\/posts"}],"about":[{"href":"https:\/\/periodicolarepublica.com\/index.php\/wp-json\/wp\/v2\/types\/post"}],"author":[{"embeddable":true,"href":"https:\/\/periodicolarepublica.com\/index.php\/wp-json\/wp\/v2\/users\/1"}],"replies":[{"embeddable":true,"href":"https:\/\/periodicolarepublica.com\/index.php\/wp-json\/wp\/v2\/comments?post=3912"}],"version-history":[{"count":3,"href":"https:\/\/periodicolarepublica.com\/index.php\/wp-json\/wp\/v2\/posts\/3912\/revisions"}],"predecessor-version":[{"id":3916,"href":"https:\/\/periodicolarepublica.com\/index.php\/wp-json\/wp\/v2\/posts\/3912\/revisions\/3916"}],"wp:featuredmedia":[{"embeddable":true,"href":"https:\/\/periodicolarepublica.com\/index.php\/wp-json\/wp\/v2\/media\/3913"}],"wp:attachment":[{"href":"https:\/\/periodicolarepublica.com\/index.php\/wp-json\/wp\/v2\/media?parent=3912"}],"wp:term":[{"taxonomy":"category","embeddable":true,"href":"https:\/\/periodicolarepublica.com\/index.php\/wp-json\/wp\/v2\/categories?post=3912"},{"taxonomy":"post_tag","embeddable":true,"href":"https:\/\/periodicolarepublica.com\/index.php\/wp-json\/wp\/v2\/tags?post=3912"}],"curies":[{"name":"wp","href":"https:\/\/api.w.org\/{rel}","templated":true}]}}