{"id":3919,"date":"2025-08-19T13:48:06","date_gmt":"2025-08-19T11:48:06","guid":{"rendered":"https:\/\/periodicolarepublica.com\/?p=3919"},"modified":"2025-08-19T13:48:06","modified_gmt":"2025-08-19T11:48:06","slug":"nueva-cedula-y-el-nuevo-codigo-penal-hasta-20-anos-de-prision","status":"publish","type":"post","link":"https:\/\/periodicolarepublica.com\/index.php\/2025\/08\/19\/nueva-cedula-y-el-nuevo-codigo-penal-hasta-20-anos-de-prision\/","title":{"rendered":"Nueva C\u00e9dula y el nuevo C\u00f3digo Penal, hasta 20 a\u00f1os de prisi\u00f3n"},"content":{"rendered":"<p style=\"text-align: left;\">Cesar Amadeo Peralta, Abogado. Analizando el nuevo C\u00f3digo Penal<\/p>\n<p style=\"text-align: left;\">Con la implementaci\u00f3n de la renovaci\u00f3n de la vieja c\u00e9dula de identidad ya vencida por una c\u00e9dula actualizada y con m\u00e1s seguridad, hasta las reinas de belleza dejar\u00e1n de ocultar la foto que tienen en sus c\u00e9dulas, ya que como son dos personas distintas una foto es, cuando estaban en olla y otra foto en la actualidad, ya en buenas, ahora podr\u00e1n tirarse la foto con maquillajes, alisados, tintes, pesta\u00f1as, ojos postizos, nariz arregladas, botox y todo con lo que se enga\u00f1a a un hombre, \u201cque felicidad\u201d mujeres !!!.<\/p>\n<p style=\"text-align: left;\">Ya en el \u00e1mbito jur\u00eddico de las cosas buenas del nuevo C\u00f3digo Penal, es que viene a cambiar totalmente el mensaje y el combate y la lucha contra la criminalidad, reforzar\u00e1 la nacionalidad porque ser\u00e1 m\u00e1s dif\u00edcil falsificar un pasaporte o una c\u00e9dula y sacar\u00e1 de circulaci\u00f3n a los que se roban la identidad de las personas, a los que fabrican y venden actas de nacimientos falsas, a los que ponen a los difuntos a vivir de nuevo pero con el rostro de un piti y que anteriormente no ten\u00edan pr\u00e1cticamente ninguna sanci\u00f3n penal ejemplarizante, por lo que exhortamos a todos a leer de pies a cabeza el nuevo C\u00f3digo Penal, porque cosas que hoy con la identidad personal no son delitos, ma\u00f1ana tendr\u00e1n penas de hasta 20 a\u00f1os de prisi\u00f3n.<\/p>\n<p style=\"text-align: left;\">5 a 10 a\u00f1os de prisi\u00f3n mayor, (Para el que posea una c\u00e9dula, licencia de conducir o pasaporte falso).<\/p>\n<p style=\"text-align: left;\">5 a 10 a\u00f1os de prisi\u00f3n mayor, para la persona que proporcione los medios o facilite la suplantaci\u00f3n o robo de identidad.<\/p>\n<p style=\"text-align: left;\">10 a 20 a\u00f1os de prisi\u00f3n mayor, (Para los empleados de la J.C.E., Pasaportes o Licencia de conducir con acceso o control de informaci\u00f3n de identificaci\u00f3n personal).<\/p>\n<blockquote><p><img loading=\"lazy\" decoding=\"async\" class=\"alignnone size-medium wp-image-3920\" src=\"https:\/\/periodicolarepublica.com\/wp-content\/uploads\/2025\/08\/image-e1755604017983-300x252.png\" alt=\"\" width=\"300\" height=\"252\" \/><\/p><\/blockquote>\n","protected":false},"excerpt":{"rendered":"<p>Cesar Amadeo Peralta, Abogado. Analizando el nuevo C\u00f3digo Penal Con la implementaci\u00f3n de la renovaci\u00f3n de la vieja c\u00e9dula de identidad ya vencida por una c\u00e9dula actualizada y con m\u00e1s seguridad, hasta las reinas de belleza dejar\u00e1n de ocultar la foto que tienen en sus c\u00e9dulas, ya que como son dos personas distintas una foto [&hellip;]<\/p>\n","protected":false},"author":6,"featured_media":3920,"comment_status":"open","ping_status":"open","sticky":false,"template":"","format":"standard","meta":{"om_disable_all_campaigns":false,"_monsterinsights_skip_tracking":false,"_monsterinsights_sitenote_active":false,"_monsterinsights_sitenote_note":"","_monsterinsights_sitenote_category":0,"footnotes":""},"categories":[43,1],"tags":[],"class_list":{"0":"post-3919","1":"post","2":"type-post","3":"status-publish","4":"format-standard","5":"has-post-thumbnail","7":"category-legales","8":"category-nacionales"},"aioseo_notices":[],"_links":{"self":[{"href":"https:\/\/periodicolarepublica.com\/index.php\/wp-json\/wp\/v2\/posts\/3919","targetHints":{"allow":["GET"]}}],"collection":[{"href":"https:\/\/periodicolarepublica.com\/index.php\/wp-json\/wp\/v2\/posts"}],"about":[{"href":"https:\/\/periodicolarepublica.com\/index.php\/wp-json\/wp\/v2\/types\/post"}],"author":[{"embeddable":true,"href":"https:\/\/periodicolarepublica.com\/index.php\/wp-json\/wp\/v2\/users\/6"}],"replies":[{"embeddable":true,"href":"https:\/\/periodicolarepublica.com\/index.php\/wp-json\/wp\/v2\/comments?post=3919"}],"version-history":[{"count":1,"href":"https:\/\/periodicolarepublica.com\/index.php\/wp-json\/wp\/v2\/posts\/3919\/revisions"}],"predecessor-version":[{"id":3921,"href":"https:\/\/periodicolarepublica.com\/index.php\/wp-json\/wp\/v2\/posts\/3919\/revisions\/3921"}],"wp:featuredmedia":[{"embeddable":true,"href":"https:\/\/periodicolarepublica.com\/index.php\/wp-json\/wp\/v2\/media\/3920"}],"wp:attachment":[{"href":"https:\/\/periodicolarepublica.com\/index.php\/wp-json\/wp\/v2\/media?parent=3919"}],"wp:term":[{"taxonomy":"category","embeddable":true,"href":"https:\/\/periodicolarepublica.com\/index.php\/wp-json\/wp\/v2\/categories?post=3919"},{"taxonomy":"post_tag","embeddable":true,"href":"https:\/\/periodicolarepublica.com\/index.php\/wp-json\/wp\/v2\/tags?post=3919"}],"curies":[{"name":"wp","href":"https:\/\/api.w.org\/{rel}","templated":true}]}}