{"id":3926,"date":"2025-08-19T19:21:49","date_gmt":"2025-08-19T17:21:49","guid":{"rendered":"https:\/\/periodicolarepublica.com\/?p=3926"},"modified":"2025-08-19T19:21:49","modified_gmt":"2025-08-19T17:21:49","slug":"la-oposicion-desesperada-mientras-abinader-transforma-la-republica-dominicana","status":"publish","type":"post","link":"https:\/\/periodicolarepublica.com\/index.php\/2025\/08\/19\/la-oposicion-desesperada-mientras-abinader-transforma-la-republica-dominicana\/","title":{"rendered":"La oposici\u00f3n desesperada mientras Abinader transforma la Rep\u00fablica Dominicana"},"content":{"rendered":"<p>Santo Domingo, RD \u2013 Tom\u00e1s Hern\u00e1ndez Alberto afirm\u00f3 que la oposici\u00f3n est\u00e1 completamente perdida y desesperada. Mientras unos discuten sobre \u201cpata cocote y molleja\u201d, otros inventan historias con la intenci\u00f3n de confundir al pueblo dominicano, sin reconocer los avances concretos que el pa\u00eds ha experimentado en los \u00faltimos a\u00f1os.<\/p>\n<p>&nbsp;<\/p>\n<p>\u201cLos dominicanos merecen hechos y no palabras vac\u00edas\u201d, se\u00f1al\u00f3 Hern\u00e1ndez Alberto. \u201cEl presidente Luis Abinader ha demostrado que su compromiso es con el desarrollo y bienestar de todos, trabajando d\u00eda tras d\u00eda para transformar la vida de las comunidades\u201d.<\/p>\n<p>&nbsp;<\/p>\n<p>Este viernes, el mandatario dar\u00e1 a conocer, de manera detallada, las miles de obras ejecutadas durante su gesti\u00f3n, provincia por provincia. Desde escuelas modernas y hospitales equipados hasta carreteras e infraestructura de servicios b\u00e1sicos, los resultados son visibles en todo el pa\u00eds.<\/p>\n<p>&nbsp;<\/p>\n<p>Hern\u00e1ndez Alberto destac\u00f3 que estas acciones no solo responden a las necesidades inmediatas de la poblaci\u00f3n, sino que tambi\u00e9n sientan las bases para un desarrollo sostenible a largo plazo. Cada proyecto representa un paso firme hacia un pa\u00eds m\u00e1s justo, moderno y competitivo.<\/p>\n<p>&nbsp;<\/p>\n<p>\u201cPor eso tiemblan, por eso no duermen\u201d, afirm\u00f3 Hern\u00e1ndez Alberto. \u201cMientras ellos hablan, Luis Abinader trabaja sin descanso por el pueblo dominicano, demostrando que la gesti\u00f3n eficiente y comprometida produce resultados tangibles\u201d.<\/p>\n<p>&nbsp;<\/p>\n<p>El gobierno ha priorizado la inversi\u00f3n en sectores estrat\u00e9gicos como educaci\u00f3n, salud, energ\u00eda y transporte, garantizando que cada peso invertido se traduzca en mejoras reales para la ciudadan\u00eda. Estas acciones refuerzan la confianza del pueblo en su gobierno y en la capacidad de liderazgo del presidente Abinader.<\/p>\n<p>&nbsp;<\/p>\n<p>La diferencia entre promesas vac\u00edas y gesti\u00f3n efectiva es cada vez m\u00e1s evidente. Mientras la oposici\u00f3n busca distraer y dividir, el presidente Abinader se enfoca en entregar soluciones concretas, con transparencia y responsabilidad, consolidando avances que cambiar\u00e1n la vida de millones de dominicanos.<\/p>\n<p>&nbsp;<\/p>\n<p>Con este enfoque, el gobierno reafirma su compromiso con el progreso de la Rep\u00fablica Dominicana, llevando desarrollo, oportunidades y bienestar a cada rinc\u00f3n del pa\u00eds, y demostrando que el trabajo constante y la planificaci\u00f3n efectiva son la mejor respuesta a la desinformaci\u00f3n y la desesperaci\u00f3n de la oposici\u00f3n.<img loading=\"lazy\" decoding=\"async\" class=\"size-medium wp-image-1804 alignright\" src=\"https:\/\/periodicolarepublica.com\/wp-content\/uploads\/2024\/10\/IMG-20240525-WA0100-300x200.jpg\" alt=\"\" width=\"300\" height=\"200\" srcset=\"https:\/\/periodicolarepublica.com\/wp-content\/uploads\/2024\/10\/IMG-20240525-WA0100-300x200.jpg?v=1727804560 300w, https:\/\/periodicolarepublica.com\/wp-content\/uploads\/2024\/10\/IMG-20240525-WA0100-1024x682.jpg?v=1727804560 1024w, https:\/\/periodicolarepublica.com\/wp-content\/uploads\/2024\/10\/IMG-20240525-WA0100-768x511.jpg?v=1727804560 768w, https:\/\/periodicolarepublica.com\/wp-content\/uploads\/2024\/10\/IMG-20240525-WA0100-150x100.jpg?v=1727804560 150w, https:\/\/periodicolarepublica.com\/wp-content\/uploads\/2024\/10\/IMG-20240525-WA0100-600x399.jpg?v=1727804560 600w, https:\/\/periodicolarepublica.com\/wp-content\/uploads\/2024\/10\/IMG-20240525-WA0100-696x463.jpg?v=1727804560 696w, https:\/\/periodicolarepublica.com\/wp-content\/uploads\/2024\/10\/IMG-20240525-WA0100-1068x711.jpg?v=1727804560 1068w, https:\/\/periodicolarepublica.com\/wp-content\/uploads\/2024\/10\/IMG-20240525-WA0100.jpg?v=1727804560 1080w\" sizes=\"auto, (max-width: 300px) 100vw, 300px\" \/><\/p>\n","protected":false},"excerpt":{"rendered":"<p>Santo Domingo, RD \u2013 Tom\u00e1s Hern\u00e1ndez Alberto afirm\u00f3 que la oposici\u00f3n est\u00e1 completamente perdida y desesperada. Mientras unos discuten sobre \u201cpata cocote y molleja\u201d, otros inventan historias con la intenci\u00f3n de confundir al pueblo dominicano, sin reconocer los avances concretos que el pa\u00eds ha experimentado en los \u00faltimos a\u00f1os. &nbsp; \u201cLos dominicanos merecen hechos y [&hellip;]<\/p>\n","protected":false},"author":10,"featured_media":1804,"comment_status":"open","ping_status":"open","sticky":false,"template":"","format":"standard","meta":{"om_disable_all_campaigns":false,"_monsterinsights_skip_tracking":false,"_monsterinsights_sitenote_active":false,"_monsterinsights_sitenote_note":"","_monsterinsights_sitenote_category":0,"footnotes":""},"categories":[1],"tags":[163],"class_list":{"0":"post-3926","1":"post","2":"type-post","3":"status-publish","4":"format-standard","5":"has-post-thumbnail","7":"category-nacionales","8":"tag-tomas-hernandez-alberto"},"aioseo_notices":[],"_links":{"self":[{"href":"https:\/\/periodicolarepublica.com\/index.php\/wp-json\/wp\/v2\/posts\/3926","targetHints":{"allow":["GET"]}}],"collection":[{"href":"https:\/\/periodicolarepublica.com\/index.php\/wp-json\/wp\/v2\/posts"}],"about":[{"href":"https:\/\/periodicolarepublica.com\/index.php\/wp-json\/wp\/v2\/types\/post"}],"author":[{"embeddable":true,"href":"https:\/\/periodicolarepublica.com\/index.php\/wp-json\/wp\/v2\/users\/10"}],"replies":[{"embeddable":true,"href":"https:\/\/periodicolarepublica.com\/index.php\/wp-json\/wp\/v2\/comments?post=3926"}],"version-history":[{"count":1,"href":"https:\/\/periodicolarepublica.com\/index.php\/wp-json\/wp\/v2\/posts\/3926\/revisions"}],"predecessor-version":[{"id":3927,"href":"https:\/\/periodicolarepublica.com\/index.php\/wp-json\/wp\/v2\/posts\/3926\/revisions\/3927"}],"wp:featuredmedia":[{"embeddable":true,"href":"https:\/\/periodicolarepublica.com\/index.php\/wp-json\/wp\/v2\/media\/1804"}],"wp:attachment":[{"href":"https:\/\/periodicolarepublica.com\/index.php\/wp-json\/wp\/v2\/media?parent=3926"}],"wp:term":[{"taxonomy":"category","embeddable":true,"href":"https:\/\/periodicolarepublica.com\/index.php\/wp-json\/wp\/v2\/categories?post=3926"},{"taxonomy":"post_tag","embeddable":true,"href":"https:\/\/periodicolarepublica.com\/index.php\/wp-json\/wp\/v2\/tags?post=3926"}],"curies":[{"name":"wp","href":"https:\/\/api.w.org\/{rel}","templated":true}]}}