{"id":393,"date":"2024-02-14T14:02:29","date_gmt":"2024-02-14T13:02:29","guid":{"rendered":"https:\/\/periodicolarepublica.com\/?p=393"},"modified":"2024-02-14T14:02:29","modified_gmt":"2024-02-14T13:02:29","slug":"vanahi-bello-dotel-resalta-que-las-elecciones-seran-un-exito-por-todo-lo-alto","status":"publish","type":"post","link":"https:\/\/periodicolarepublica.com\/index.php\/2024\/02\/14\/vanahi-bello-dotel-resalta-que-las-elecciones-seran-un-exito-por-todo-lo-alto\/","title":{"rendered":"Vanahi Bello Dotel resalta que las elecciones ser\u00e1n un \u00e9xito por todo lo alto"},"content":{"rendered":"<p><img loading=\"lazy\" decoding=\"async\" class=\"alignnone size-medium wp-image-394\" src=\"https:\/\/periodicolarepublica.com\/wp-content\/uploads\/2024\/02\/Picsart_24-02-14_08-48-30-252-300x169.jpg\" alt=\"\" width=\"300\" height=\"169\" srcset=\"https:\/\/periodicolarepublica.com\/wp-content\/uploads\/2024\/02\/Picsart_24-02-14_08-48-30-252-300x169.jpg?v=1715379817 300w, https:\/\/periodicolarepublica.com\/wp-content\/uploads\/2024\/02\/Picsart_24-02-14_08-48-30-252-1024x576.jpg?v=1715379817 1024w, https:\/\/periodicolarepublica.com\/wp-content\/uploads\/2024\/02\/Picsart_24-02-14_08-48-30-252-768x432.jpg?v=1715379817 768w, https:\/\/periodicolarepublica.com\/wp-content\/uploads\/2024\/02\/Picsart_24-02-14_08-48-30-252-1536x864.jpg?v=1715379817 1536w, https:\/\/periodicolarepublica.com\/wp-content\/uploads\/2024\/02\/Picsart_24-02-14_08-48-30-252-2048x1152.jpg?v=1715379817 2048w, https:\/\/periodicolarepublica.com\/wp-content\/uploads\/2024\/02\/Picsart_24-02-14_08-48-30-252-150x84.jpg?v=1715379817 150w, https:\/\/periodicolarepublica.com\/wp-content\/uploads\/2024\/02\/Picsart_24-02-14_08-48-30-252-600x338.jpg?v=1715379817 600w, https:\/\/periodicolarepublica.com\/wp-content\/uploads\/2024\/02\/Picsart_24-02-14_08-48-30-252-696x392.jpg?v=1715379817 696w, https:\/\/periodicolarepublica.com\/wp-content\/uploads\/2024\/02\/Picsart_24-02-14_08-48-30-252-1392x783.jpg?v=1715379817 1392w, https:\/\/periodicolarepublica.com\/wp-content\/uploads\/2024\/02\/Picsart_24-02-14_08-48-30-252-1068x601.jpg?v=1715379817 1068w, https:\/\/periodicolarepublica.com\/wp-content\/uploads\/2024\/02\/Picsart_24-02-14_08-48-30-252-1920x1080.jpg?v=1715379817 1920w\" sizes=\"auto, (max-width: 300px) 100vw, 300px\" \/><\/p>\n<p>La magistrada Vanahi Bello Dotel, perteneciente a la Junta Central Electoral (JCE) de la Rep\u00fablica Dominicana, ha manifestado su confianza en el \u00e9xito de las pr\u00f3ximas elecciones municipales. Con una amplia trayectoria en el \u00e1mbito electoral y un profundo conocimiento del sistema pol\u00edtico del pa\u00eds, la magistrada Bello Dotel ha augurado un proceso exitoso que permitir\u00e1 fortalecer la democracia local.<\/p>\n<p>La Junta Central Electoral es el organismo encargado de organizar y supervisar los procesos electorales en la Rep\u00fablica Dominicana. Conformada por magistrados especializados en la materia, la JCE juega un papel fundamental en el desarrollo de unas elecciones transparentes y justas.<\/p>\n<p>En este sentido, la magistrada Vanahi Bello Dotel, quien por su amplia experiencia y gran capacidad profesional, ha destacado la importancia de la participaci\u00f3n ciudadana en las elecciones municipales. Seg\u00fan sus palabras, un alto porcentaje de participaci\u00f3n ciudadana es una muestra de la confianza en el sistema democr\u00e1tico y fortalece la legitimidad de los resultados.<\/p>\n<p>Adem\u00e1s, Bello Dotel ha enfatizado en la importancia de ofrecer un proceso electoral transparente y confiable, donde se garantice el respeto a la voluntad popular.<\/p>\n<p>La magistrada, dio estas declaraciones a M\u00e1ximo Mi\u00f1oso director del Medio La Rep\u00fablica, mientras este se encontraba cubriendo las elecciones de El Salvador y coincidi\u00f3 con la misma, cuando tambien se encontraba en dicho proceso electoral z donde pudo abordarla con la pregunta sobre las elecciones municipales.<\/p>\n<p>&nbsp;<\/p>\n<p>&nbsp;<\/p>\n<p>&nbsp;<\/p>\n<p>&nbsp;<\/p>\n<p>&nbsp;<\/p>\n<p>&nbsp;<\/p>\n<p>&nbsp;<\/p>\n","protected":false},"excerpt":{"rendered":"<p>La magistrada Vanahi Bello Dotel, perteneciente a la Junta Central Electoral (JCE) de la Rep\u00fablica Dominicana, ha manifestado su confianza en el \u00e9xito de las pr\u00f3ximas elecciones municipales. Con una amplia trayectoria en el \u00e1mbito electoral y un profundo conocimiento del sistema pol\u00edtico del pa\u00eds, la magistrada Bello Dotel ha augurado un proceso exitoso que [&hellip;]<\/p>\n","protected":false},"author":1,"featured_media":394,"comment_status":"open","ping_status":"open","sticky":false,"template":"","format":"standard","meta":{"om_disable_all_campaigns":false,"_monsterinsights_skip_tracking":false,"_monsterinsights_sitenote_active":false,"_monsterinsights_sitenote_note":"","_monsterinsights_sitenote_category":0,"footnotes":""},"categories":[1],"tags":[],"class_list":{"0":"post-393","1":"post","2":"type-post","3":"status-publish","4":"format-standard","5":"has-post-thumbnail","7":"category-nacionales"},"aioseo_notices":[],"_links":{"self":[{"href":"https:\/\/periodicolarepublica.com\/index.php\/wp-json\/wp\/v2\/posts\/393","targetHints":{"allow":["GET"]}}],"collection":[{"href":"https:\/\/periodicolarepublica.com\/index.php\/wp-json\/wp\/v2\/posts"}],"about":[{"href":"https:\/\/periodicolarepublica.com\/index.php\/wp-json\/wp\/v2\/types\/post"}],"author":[{"embeddable":true,"href":"https:\/\/periodicolarepublica.com\/index.php\/wp-json\/wp\/v2\/users\/1"}],"replies":[{"embeddable":true,"href":"https:\/\/periodicolarepublica.com\/index.php\/wp-json\/wp\/v2\/comments?post=393"}],"version-history":[{"count":1,"href":"https:\/\/periodicolarepublica.com\/index.php\/wp-json\/wp\/v2\/posts\/393\/revisions"}],"predecessor-version":[{"id":395,"href":"https:\/\/periodicolarepublica.com\/index.php\/wp-json\/wp\/v2\/posts\/393\/revisions\/395"}],"wp:featuredmedia":[{"embeddable":true,"href":"https:\/\/periodicolarepublica.com\/index.php\/wp-json\/wp\/v2\/media\/394"}],"wp:attachment":[{"href":"https:\/\/periodicolarepublica.com\/index.php\/wp-json\/wp\/v2\/media?parent=393"}],"wp:term":[{"taxonomy":"category","embeddable":true,"href":"https:\/\/periodicolarepublica.com\/index.php\/wp-json\/wp\/v2\/categories?post=393"},{"taxonomy":"post_tag","embeddable":true,"href":"https:\/\/periodicolarepublica.com\/index.php\/wp-json\/wp\/v2\/tags?post=393"}],"curies":[{"name":"wp","href":"https:\/\/api.w.org\/{rel}","templated":true}]}}