{"id":3931,"date":"2025-08-21T21:45:15","date_gmt":"2025-08-21T19:45:15","guid":{"rendered":"https:\/\/periodicolarepublica.com\/?p=3931"},"modified":"2025-08-21T21:45:15","modified_gmt":"2025-08-21T19:45:15","slug":"alcaldia-escolares","status":"publish","type":"post","link":"https:\/\/periodicolarepublica.com\/index.php\/2025\/08\/21\/alcaldia-escolares\/","title":{"rendered":"\u00bfQu\u00e9 har\u00e1 la Alcald\u00eda del DN con las botellitas entregadas en Pl\u00e1sticos por \u00datiles Escolares?"},"content":{"rendered":"<p style=\"text-align: left;\">La segunda edici\u00f3n del canje se realizar\u00e1 este domingo 24 en el Palacio Municipal<\/p>\n<p style=\"text-align: left;\">Santo Domingo, DN \u2013 Tras el \u00e9xito alcanzado con la recolecci\u00f3n de 7.2 millones de botellas en Pl\u00e1sticos por \u00datiles Escolares 2024, las fundaciones Botellas de Amor e Hilos de Amor se encargar\u00e1n de recibir el pl\u00e1stico recolectado en la esperada segunda edici\u00f3n este domingo, convirti\u00e9ndolo en mobiliario urbano de parques.<\/p>\n<p style=\"text-align: left;\">Ferm\u00edn Arturo Acosta, director y vicepresidente ejecutivo de la fundaci\u00f3n, agradeci\u00f3 esta iniciativa de la Alcald\u00eda del Distrito Nacional y la Direcci\u00f3n General de Aduanas para realizar Pl\u00e1sticos por \u00datiles Escolares 2025.<\/p>\n<p style=\"text-align: left;\">\n<p style=\"text-align: left;\">\u201cPara nosotros es un honor y al mismo tiempo nos sentimos agradecidos por siempre tenernos presentes en todas las actividades realizadas por las instituciones. Su aporte es invaluable\u201d, expres\u00f3.<\/p>\n<p style=\"text-align: left;\">\n<p style=\"text-align: left;\">Detall\u00f3 que la Fundaci\u00f3n Botellas de Amor dosificar\u00e1 lo recolectado en Pl\u00e1sticos por \u00datiles Escolares en la creaci\u00f3n de perfiles de pl\u00e1sticos reciclados para elaboraci\u00f3n de mobiliario urbano como bancos, sillas, mesas y adicionalmente parques infantiles para la comunidad.<\/p>\n<p style=\"text-align: left;\">\n<p style=\"text-align: left;\">El titular de la fundaci\u00f3n describi\u00f3 a Pl\u00e1sticos por \u00datiles Escolares como una gran iniciativa por incentivar a que los pl\u00e1sticos sean recolectados para convertirse en un aporte para la educaci\u00f3n. En ese sentido, asegur\u00f3 que espera una participaci\u00f3n masiva este domingo.<\/p>\n<p style=\"text-align: left;\">\n<p style=\"text-align: left;\">\u201cEl objetivo m\u00e1s importante es el de concientizar a los integrantes de esta actividad sobre la importancia en la clasificaci\u00f3n de los residuos y dar disposici\u00f3n final a aquellos que puedan ser aprovechados\u201d, a\u00f1adi\u00f3.<\/p>\n<p style=\"text-align: left;\">\n<p style=\"text-align: left;\">Acosta explic\u00f3 que se trata de darle una segunda vida a los pl\u00e1sticos, reduciendo el impacto negativo que podr\u00eda tener este material en el medioambiente.<\/p>\n<p style=\"text-align: left;\">\n<p style=\"text-align: left;\">Ferm\u00edn Acosta puntualiz\u00f3 que Fundaci\u00f3n Botellas de Amor no solo convierte pl\u00e1stico en reciclado, sino que adem\u00e1s realiza un programa de educaci\u00f3n ambiental, asistiendo a los centros educativos para ense\u00f1arle a los ni\u00f1os a separar los residuos.<\/p>\n<p style=\"text-align: left;\">\n<p style=\"text-align: left;\">A lo largo de cinco ediciones de Pl\u00e1sticos por Juguetes y una de Pl\u00e1sticos por \u00datiles Escolares, la Alcald\u00eda del Distrito Nacional ha sacado cerca de 18 millones de botellas pl\u00e1sticas de las calles.<\/p>\n<p style=\"text-align: left;\">\n<p style=\"text-align: left;\">*Bases del canje para el p\u00fablico*<\/p>\n<p style=\"text-align: left;\">\n<p style=\"text-align: left;\">Desde el que se anunci\u00f3 la segunda edici\u00f3n de Pl\u00e1sticos por \u00datiles Escolares, familias del Distrito Nacional se han enfocado en colectar las botellitas para el domingo 24 de agosto.<\/p>\n<p style=\"text-align: left;\">\n<p style=\"text-align: left;\">Los mayores deber\u00e1n presentar su c\u00e9dula que certifique que reside en el Distrito Nacional, y por cada c\u00e9dula mostrada, habr\u00e1 un m\u00e1ximo de dos mochilas entregadas.<\/p>\n<p style=\"text-align: left;\">\n<p style=\"text-align: left;\">Los asistentes podr\u00e1n adquirir una mochila con \u00fatiles y una tableta por 1,000 botellitas pl\u00e1sticas. Mientras que una mochila llena de \u00fatiles podr\u00e1 ser canjeada por 500 botellitas. Ambas opciones van acompa\u00f1adas por un termo que mantiene la temperatura, con la finalidad de reducir el uso de las botellitas pl\u00e1sticas.<\/p>\n<p>&nbsp;<\/p>\n<p><img loading=\"lazy\" decoding=\"async\" class=\"alignnone size-medium wp-image-3932\" src=\"https:\/\/periodicolarepublica.com\/wp-content\/uploads\/2025\/08\/IMG-20250821-WA0041-225x300.jpg\" alt=\"\" width=\"225\" height=\"300\" srcset=\"https:\/\/periodicolarepublica.com\/wp-content\/uploads\/2025\/08\/IMG-20250821-WA0041-225x300.jpg 225w, https:\/\/periodicolarepublica.com\/wp-content\/uploads\/2025\/08\/IMG-20250821-WA0041-768x1024.jpg 768w, https:\/\/periodicolarepublica.com\/wp-content\/uploads\/2025\/08\/IMG-20250821-WA0041-1152x1536.jpg 1152w, https:\/\/periodicolarepublica.com\/wp-content\/uploads\/2025\/08\/IMG-20250821-WA0041-150x200.jpg 150w, https:\/\/periodicolarepublica.com\/wp-content\/uploads\/2025\/08\/IMG-20250821-WA0041-300x400.jpg 300w, https:\/\/periodicolarepublica.com\/wp-content\/uploads\/2025\/08\/IMG-20250821-WA0041-600x800.jpg 600w, https:\/\/periodicolarepublica.com\/wp-content\/uploads\/2025\/08\/IMG-20250821-WA0041-696x928.jpg 696w, https:\/\/periodicolarepublica.com\/wp-content\/uploads\/2025\/08\/IMG-20250821-WA0041-1068x1424.jpg 1068w, https:\/\/periodicolarepublica.com\/wp-content\/uploads\/2025\/08\/IMG-20250821-WA0041.jpg 1200w\" sizes=\"auto, (max-width: 225px) 100vw, 225px\" \/><\/p>\n","protected":false},"excerpt":{"rendered":"<p>La segunda edici\u00f3n del canje se realizar\u00e1 este domingo 24 en el Palacio Municipal Santo Domingo, DN \u2013 Tras el \u00e9xito alcanzado con la recolecci\u00f3n de 7.2 millones de botellas en Pl\u00e1sticos por \u00datiles Escolares 2024, las fundaciones Botellas de Amor e Hilos de Amor se encargar\u00e1n de recibir el pl\u00e1stico recolectado en la esperada [&hellip;]<\/p>\n","protected":false},"author":6,"featured_media":3932,"comment_status":"open","ping_status":"open","sticky":false,"template":"","format":"standard","meta":{"om_disable_all_campaigns":false,"_monsterinsights_skip_tracking":false,"_monsterinsights_sitenote_active":false,"_monsterinsights_sitenote_note":"","_monsterinsights_sitenote_category":0,"footnotes":""},"categories":[1],"tags":[37],"class_list":{"0":"post-3931","1":"post","2":"type-post","3":"status-publish","4":"format-standard","5":"has-post-thumbnail","7":"category-nacionales","8":"tag-carolina-mejia"},"aioseo_notices":[],"_links":{"self":[{"href":"https:\/\/periodicolarepublica.com\/index.php\/wp-json\/wp\/v2\/posts\/3931","targetHints":{"allow":["GET"]}}],"collection":[{"href":"https:\/\/periodicolarepublica.com\/index.php\/wp-json\/wp\/v2\/posts"}],"about":[{"href":"https:\/\/periodicolarepublica.com\/index.php\/wp-json\/wp\/v2\/types\/post"}],"author":[{"embeddable":true,"href":"https:\/\/periodicolarepublica.com\/index.php\/wp-json\/wp\/v2\/users\/6"}],"replies":[{"embeddable":true,"href":"https:\/\/periodicolarepublica.com\/index.php\/wp-json\/wp\/v2\/comments?post=3931"}],"version-history":[{"count":1,"href":"https:\/\/periodicolarepublica.com\/index.php\/wp-json\/wp\/v2\/posts\/3931\/revisions"}],"predecessor-version":[{"id":3933,"href":"https:\/\/periodicolarepublica.com\/index.php\/wp-json\/wp\/v2\/posts\/3931\/revisions\/3933"}],"wp:featuredmedia":[{"embeddable":true,"href":"https:\/\/periodicolarepublica.com\/index.php\/wp-json\/wp\/v2\/media\/3932"}],"wp:attachment":[{"href":"https:\/\/periodicolarepublica.com\/index.php\/wp-json\/wp\/v2\/media?parent=3931"}],"wp:term":[{"taxonomy":"category","embeddable":true,"href":"https:\/\/periodicolarepublica.com\/index.php\/wp-json\/wp\/v2\/categories?post=3931"},{"taxonomy":"post_tag","embeddable":true,"href":"https:\/\/periodicolarepublica.com\/index.php\/wp-json\/wp\/v2\/tags?post=3931"}],"curies":[{"name":"wp","href":"https:\/\/api.w.org\/{rel}","templated":true}]}}