{"id":3934,"date":"2025-08-22T21:07:47","date_gmt":"2025-08-22T19:07:47","guid":{"rendered":"https:\/\/periodicolarepublica.com\/?p=3934"},"modified":"2025-08-22T21:07:47","modified_gmt":"2025-08-22T19:07:47","slug":"propeep-impacta-con-servicios-sociales-en-el-corazon-del-emblematico-barrio-san-carlos-distrito-nacional","status":"publish","type":"post","link":"https:\/\/periodicolarepublica.com\/index.php\/2025\/08\/22\/propeep-impacta-con-servicios-sociales-en-el-corazon-del-emblematico-barrio-san-carlos-distrito-nacional\/","title":{"rendered":"Propeep impacta con servicios sociales en el coraz\u00f3n del emblem\u00e1tico barrio San Carlos; Distrito Nacional"},"content":{"rendered":"<p>La Jornada de Inclusi\u00f3n Social \u201cPrimero T\u00fa\u201d, tambi\u00e9n fue llevada al poblado La Victoria, en Santo Domingo Norte; donde cientos de comunitarios resultaron beneficiados_<\/p>\n<p>*Distrito Nacional, RD.*.\u2013 Con un mensaje de cercan\u00eda y compromiso con la poblaci\u00f3n, los Proyectos Estrat\u00e9gicos y Especiales de la Presidencia (Propeep) llev\u00f3 a cabo este viernes una amplia jornada de inclusi\u00f3n social en el emblem\u00e1tico barrio San Carlos, en la circunscripci\u00f3n n\u00famero uno del Distrito Nacional. La actividad forma parte del programa \u201cPrimero T\u00fa\u201d, iniciativa orientada a acercar los servicios del Gobierno a las comunidades m\u00e1s necesitadas.<\/p>\n<p>Durante la jornada, los vecinos y vecinas de San Carlos pudieron acceder a operativos odontol\u00f3gicos, oftalmol\u00f3gico, consultas m\u00e9dicas, programas de pensiones solidarias, y servicios de instituciones como Conadis, Conape, Senasa, Escuelas Vocacionales de las FF.AA y la PN, Promimpyme, Comedores Econ\u00f3micos de la Presidencia, entre otros.<\/p>\n<p>La actividad cont\u00f3 con la presencia del director de Propeep, Robert Polanco, as\u00ed como del vicealcalde del Distrito Nacional, Stalin Alc\u00e1ntara; el diputado Jos\u00e9 Caraballo; los regidores Giancarlos Vega y Juan L\u00f3pez; y destacados l\u00edderes comunitarios de la populosa barriada capitalina.<\/p>\n<p>En su intervenci\u00f3n, el director de Propeep, destac\u00f3 la importancia de la proximidad del Gobierno con la poblaci\u00f3n: \u201cAqu\u00ed estamos para atender a cada ciudadano y ciudadana. Propeep trabaja d\u00eda y noche para llevar la acci\u00f3n social a quienes m\u00e1s lo necesitan, sin importar las diferencias, escuchando y respondiendo a sus necesidades\u201d.<\/p>\n<p>\u201cEn San Carlos hay mujeres embarazadas que necesitan acompa\u00f1amiento, adultos mayores que esperan pensiones solidarias, personas con discapacidad que requieren dispositivos de apoyo, y j\u00f3venes que desean ingresar a cursos t\u00e9cnicos para superarse\u201d, acot\u00f3.<\/p>\n<p>&nbsp;<\/p>\n<p>Polanco, expres\u00f3 que el barrio San Carlos, al igual que muchos otros de la capital, necesitan la presencia de los programas sociales del Gobierno y que, aunque se piense en el Distrito Nacional como un espacio de riquezas, all\u00ed tambi\u00e9n existen familias en condiciones de vulnerabilidad, las cuales, dijo, requieren atenciones.<\/p>\n<p>Precis\u00f3 que ese es el compromiso y las instrucciones del presidente Luis Abinader, que busca lograr que las instituciones est\u00e9n cerca de la gente y que los funcionarios trabajen para el pueblo.<\/p>\n<p>&nbsp;<\/p>\n<p>*Extiende acci\u00f3n social a Santo Domingo Norte*<\/p>\n<p>&nbsp;<\/p>\n<p>De igual manera, Propeep replic\u00f3 esta estrategia en el poblado La Victoria, en Santo Domingo Norte, beneficiando a cientos de personas mediante servicios similares en la escuela Mar\u00eda Figueroa Ad\u00f3n. Adem\u00e1s, inaugur\u00f3 un Paseo de los Colores en el Club Deportivo San Antonio, con una extensi\u00f3n de 64 metros cuadrados, como parte de las iniciativas de desarrollo y embellecimiento comunitario.<\/p>\n<p>&nbsp;<\/p>\n<p>*Direcci\u00f3n de Comunicaciones Propeep*<\/p>\n<p>22 de Agosto 2025<\/p>\n<p>&nbsp;<\/p>\n<p><img loading=\"lazy\" decoding=\"async\" class=\"alignnone size-medium wp-image-3638\" src=\"https:\/\/periodicolarepublica.com\/wp-content\/uploads\/2025\/07\/dZlUoEJC_400x400-300x300.jpg\" alt=\"\" width=\"300\" height=\"300\" srcset=\"https:\/\/periodicolarepublica.com\/wp-content\/uploads\/2025\/07\/dZlUoEJC_400x400-300x300.jpg 300w, https:\/\/periodicolarepublica.com\/wp-content\/uploads\/2025\/07\/dZlUoEJC_400x400-150x150.jpg 150w, https:\/\/periodicolarepublica.com\/wp-content\/uploads\/2025\/07\/dZlUoEJC_400x400.jpg 400w\" sizes=\"auto, (max-width: 300px) 100vw, 300px\" \/><\/p>\n","protected":false},"excerpt":{"rendered":"<p>La Jornada de Inclusi\u00f3n Social \u201cPrimero T\u00fa\u201d, tambi\u00e9n fue llevada al poblado La Victoria, en Santo Domingo Norte; donde cientos de comunitarios resultaron beneficiados_ *Distrito Nacional, RD.*.\u2013 Con un mensaje de cercan\u00eda y compromiso con la poblaci\u00f3n, los Proyectos Estrat\u00e9gicos y Especiales de la Presidencia (Propeep) llev\u00f3 a cabo este viernes una amplia jornada de [&hellip;]<\/p>\n","protected":false},"author":6,"featured_media":3638,"comment_status":"open","ping_status":"open","sticky":false,"template":"","format":"standard","meta":{"om_disable_all_campaigns":false,"_monsterinsights_skip_tracking":false,"_monsterinsights_sitenote_active":false,"_monsterinsights_sitenote_note":"","_monsterinsights_sitenote_category":0,"footnotes":""},"categories":[1],"tags":[],"class_list":{"0":"post-3934","1":"post","2":"type-post","3":"status-publish","4":"format-standard","5":"has-post-thumbnail","7":"category-nacionales"},"aioseo_notices":[],"_links":{"self":[{"href":"https:\/\/periodicolarepublica.com\/index.php\/wp-json\/wp\/v2\/posts\/3934","targetHints":{"allow":["GET"]}}],"collection":[{"href":"https:\/\/periodicolarepublica.com\/index.php\/wp-json\/wp\/v2\/posts"}],"about":[{"href":"https:\/\/periodicolarepublica.com\/index.php\/wp-json\/wp\/v2\/types\/post"}],"author":[{"embeddable":true,"href":"https:\/\/periodicolarepublica.com\/index.php\/wp-json\/wp\/v2\/users\/6"}],"replies":[{"embeddable":true,"href":"https:\/\/periodicolarepublica.com\/index.php\/wp-json\/wp\/v2\/comments?post=3934"}],"version-history":[{"count":1,"href":"https:\/\/periodicolarepublica.com\/index.php\/wp-json\/wp\/v2\/posts\/3934\/revisions"}],"predecessor-version":[{"id":3935,"href":"https:\/\/periodicolarepublica.com\/index.php\/wp-json\/wp\/v2\/posts\/3934\/revisions\/3935"}],"wp:featuredmedia":[{"embeddable":true,"href":"https:\/\/periodicolarepublica.com\/index.php\/wp-json\/wp\/v2\/media\/3638"}],"wp:attachment":[{"href":"https:\/\/periodicolarepublica.com\/index.php\/wp-json\/wp\/v2\/media?parent=3934"}],"wp:term":[{"taxonomy":"category","embeddable":true,"href":"https:\/\/periodicolarepublica.com\/index.php\/wp-json\/wp\/v2\/categories?post=3934"},{"taxonomy":"post_tag","embeddable":true,"href":"https:\/\/periodicolarepublica.com\/index.php\/wp-json\/wp\/v2\/tags?post=3934"}],"curies":[{"name":"wp","href":"https:\/\/api.w.org\/{rel}","templated":true}]}}