{"id":3936,"date":"2025-08-23T18:34:44","date_gmt":"2025-08-23T16:34:44","guid":{"rendered":"https:\/\/periodicolarepublica.com\/?p=3936"},"modified":"2025-08-23T18:34:44","modified_gmt":"2025-08-23T16:34:44","slug":"raquel-pena-inaugura-nuevas-escuelas-y-activa-rutas-del-transporte-estudiantil-en-hermanas-mirabal","status":"publish","type":"post","link":"https:\/\/periodicolarepublica.com\/index.php\/2025\/08\/23\/raquel-pena-inaugura-nuevas-escuelas-y-activa-rutas-del-transporte-estudiantil-en-hermanas-mirabal\/","title":{"rendered":"Raquel Pe\u00f1a inaugura nuevas escuelas y activa rutas del transporte estudiantil en Hermanas Mirabal"},"content":{"rendered":"<p>&nbsp;<\/p>\n<p>La vicepresidenta entreg\u00f3 un liceo, dos centros educativos y 21 autobuses del TRAE que beneficiar\u00e1n a m\u00e1s de 10 mil estudiantes de Tenares, Salcedo y Villa Tapia._<\/p>\n<p>&nbsp;<\/p>\n<p>*Tenares, Santo Domingo*. &#8211; Desde este pr\u00f3ximo lunes 25 de agosto, la provincia Hermanas Mirabal tendr\u00e1 en funcionamiento un nuevo liceo, dos peque\u00f1os centros educativos y m\u00e1s de 20 autobuses del Sistema de Transporte Estudiantil (TRAE) entregados este s\u00e1bado por la vicepresidenta Raquel Pe\u00f1a.<\/p>\n<p>&nbsp;<\/p>\n<p>Durante el acto conjunto celebrado en el Liceo Faustino Santos Rojas, desde donde se realizaron las entregas simult\u00e1neas de los otro dos planteles y los autobuses, Raquel Pe\u00f1a destac\u00f3 que \u201cinvertir en la educaci\u00f3n es sembrar en el terreno m\u00e1s f\u00e9rtil que tiene la naci\u00f3n\u201d.<\/p>\n<p>&nbsp;<\/p>\n<p>La tambi\u00e9n presidenta del Gabinete de Educaci\u00f3n dijo que estas obras son muestra de que el gobierno trabaja pensando en la gente, \u201cconstruyendo un presente que transforme la vida de las familias y fortalezca el futuro de toda la naci\u00f3n\u201d.<\/p>\n<p>&nbsp;<\/p>\n<p>Al anunciar la llegada de los 21 autobuses del TRAE, la vicepresidenta asegur\u00f3 ser\u00e1n una herramienta que permitir\u00e1 a lo estudiantes llegar a sus escuelas de manera digna y segura.<\/p>\n<p>&nbsp;<\/p>\n<p>Al tomar la palabra, el viceministro de Acreditaci\u00f3n y Certificaci\u00f3n Docente del Ministerio de Educaci\u00f3n (Minerd), Francisco D\u2019 Ole, reiter\u00f3 el compromiso del presidente Luis Abinader de dotar al pa\u00eds de aulas dignas y centros modernos.<\/p>\n<p>&nbsp;<\/p>\n<p>*Sobre nueva ruta del TRAE*<\/p>\n<p>&nbsp;<\/p>\n<p>Los nuevos trayectos del TRAE estar\u00e1n integrados por 21 autobuses del a\u00f1o 2025, de los cuales seis ser\u00e1n destinados a Tenares, otros seis a Villa Tapia y nueve a Salcedo; todos con capacidad para movilizar entre 22 y 30 alumnos.<\/p>\n<p>&nbsp;<\/p>\n<p>La implementaci\u00f3n de estos autobuses generar\u00e1 un beneficio de transporte directo a m\u00e1s de 10,788 estudiantes de Tenares Centro, Urbanizaci\u00f3n Rosario, El Corazal, Cristo Rey, Urbanizaci\u00f3n Dinero I, Urbanizaci\u00f3nDinero II, Villa Campo, Urbanizaci\u00f3n Mart\u00ednez, El Placer, Los Cacaos, Blanco Arriba, Blanco Al Medio, Paso Hondo, Salcedo Centro, Urbanizaci\u00f3n San Lorenzo, Urbanizaci\u00f3n San Miguel, Hermanas Mirabal, El Chucho, Las Caobas, Villa Tapia Centro, Los Innovadores, Ranchito, La Gina y Cenov\u00ed.<\/p>\n<p>&nbsp;<\/p>\n<p>&nbsp;<\/p>\n<p>Las unidades est\u00e1n equipadas con tecnolog\u00eda de punta compuesta por, GPS, c\u00e1maras con cobertura 360 grados, cinturones de seguridad, se\u00f1al de PARE plegables y sistema contra incendios, conectados a un centro de control, capaz de seguir y detectar en tiempo real todo lo que ocurre dentro y fuera de autob\u00fas;<\/p>\n<p>&nbsp;<\/p>\n<p>En el pa\u00eds ya cuenta con 662 rutas y 1,871 autobuses distribuidos en 31 provincias y el Distrito Nacional.<\/p>\n<p>&nbsp;<\/p>\n<p>*24 nuevas aulas*<\/p>\n<p>Respecto a los recintos educativos, estos aportar\u00e1n 24 salones de clases para el nuevo a\u00f1o escolar; 20 aulas en el Liceo Faustino Santos Rojas, dos en la Escuela Francisco Antonio Tejada \u00c1lvarez, y otras dos en el Centro educativo Ram\u00f3n Mar\u00eda Checo.<\/p>\n<p>El nuevo plantel del nivel secundario represent\u00f3 una inversi\u00f3n de RD$138,337,495.58 y cuenta con \u00e1rea administrativa, Sal\u00f3n de Reuniones, Asistencia docente, Enfermer\u00eda, Biblioteca, laboratorio y otros espacios.<\/p>\n<figure id=\"attachment_3937\" aria-describedby=\"caption-attachment-3937\" style=\"width: 300px\" class=\"wp-caption alignnone\"><img loading=\"lazy\" decoding=\"async\" class=\"wp-image-3937 size-medium\" src=\"https:\/\/periodicolarepublica.com\/wp-content\/uploads\/2025\/08\/IMG-20250823-WA0007-scaled-e1755966780282-300x271.jpg\" alt=\"Raquel Pe\u00f1a\" width=\"300\" height=\"271\" srcset=\"https:\/\/periodicolarepublica.com\/wp-content\/uploads\/2025\/08\/IMG-20250823-WA0007-scaled-e1755966780282-300x271.jpg 300w, https:\/\/periodicolarepublica.com\/wp-content\/uploads\/2025\/08\/IMG-20250823-WA0007-scaled-e1755966780282-1024x927.jpg 1024w, https:\/\/periodicolarepublica.com\/wp-content\/uploads\/2025\/08\/IMG-20250823-WA0007-scaled-e1755966780282-768x695.jpg 768w, https:\/\/periodicolarepublica.com\/wp-content\/uploads\/2025\/08\/IMG-20250823-WA0007-scaled-e1755966780282-150x136.jpg 150w, https:\/\/periodicolarepublica.com\/wp-content\/uploads\/2025\/08\/IMG-20250823-WA0007-scaled-e1755966780282-600x543.jpg 600w, https:\/\/periodicolarepublica.com\/wp-content\/uploads\/2025\/08\/IMG-20250823-WA0007-scaled-e1755966780282-696x630.jpg 696w, https:\/\/periodicolarepublica.com\/wp-content\/uploads\/2025\/08\/IMG-20250823-WA0007-scaled-e1755966780282-1068x966.jpg 1068w, https:\/\/periodicolarepublica.com\/wp-content\/uploads\/2025\/08\/IMG-20250823-WA0007-scaled-e1755966780282.jpg 1094w\" sizes=\"auto, (max-width: 300px) 100vw, 300px\" \/><figcaption id=\"caption-attachment-3937\" class=\"wp-caption-text\">Raquel Pe\u00f1a Vicepresidenta<\/figcaption><\/figure>\n<p>&nbsp;<\/p>\n","protected":false},"excerpt":{"rendered":"<p>&nbsp; La vicepresidenta entreg\u00f3 un liceo, dos centros educativos y 21 autobuses del TRAE que beneficiar\u00e1n a m\u00e1s de 10 mil estudiantes de Tenares, Salcedo y Villa Tapia._ &nbsp; *Tenares, Santo Domingo*. &#8211; Desde este pr\u00f3ximo lunes 25 de agosto, la provincia Hermanas Mirabal tendr\u00e1 en funcionamiento un nuevo liceo, dos peque\u00f1os centros educativos y [&hellip;]<\/p>\n","protected":false},"author":6,"featured_media":3937,"comment_status":"open","ping_status":"open","sticky":false,"template":"","format":"standard","meta":{"om_disable_all_campaigns":false,"_monsterinsights_skip_tracking":false,"_monsterinsights_sitenote_active":false,"_monsterinsights_sitenote_note":"","_monsterinsights_sitenote_category":0,"footnotes":""},"categories":[1],"tags":[144],"class_list":{"0":"post-3936","1":"post","2":"type-post","3":"status-publish","4":"format-standard","5":"has-post-thumbnail","7":"category-nacionales","8":"tag-raquel-pena"},"aioseo_notices":[],"_links":{"self":[{"href":"https:\/\/periodicolarepublica.com\/index.php\/wp-json\/wp\/v2\/posts\/3936","targetHints":{"allow":["GET"]}}],"collection":[{"href":"https:\/\/periodicolarepublica.com\/index.php\/wp-json\/wp\/v2\/posts"}],"about":[{"href":"https:\/\/periodicolarepublica.com\/index.php\/wp-json\/wp\/v2\/types\/post"}],"author":[{"embeddable":true,"href":"https:\/\/periodicolarepublica.com\/index.php\/wp-json\/wp\/v2\/users\/6"}],"replies":[{"embeddable":true,"href":"https:\/\/periodicolarepublica.com\/index.php\/wp-json\/wp\/v2\/comments?post=3936"}],"version-history":[{"count":1,"href":"https:\/\/periodicolarepublica.com\/index.php\/wp-json\/wp\/v2\/posts\/3936\/revisions"}],"predecessor-version":[{"id":3938,"href":"https:\/\/periodicolarepublica.com\/index.php\/wp-json\/wp\/v2\/posts\/3936\/revisions\/3938"}],"wp:featuredmedia":[{"embeddable":true,"href":"https:\/\/periodicolarepublica.com\/index.php\/wp-json\/wp\/v2\/media\/3937"}],"wp:attachment":[{"href":"https:\/\/periodicolarepublica.com\/index.php\/wp-json\/wp\/v2\/media?parent=3936"}],"wp:term":[{"taxonomy":"category","embeddable":true,"href":"https:\/\/periodicolarepublica.com\/index.php\/wp-json\/wp\/v2\/categories?post=3936"},{"taxonomy":"post_tag","embeddable":true,"href":"https:\/\/periodicolarepublica.com\/index.php\/wp-json\/wp\/v2\/tags?post=3936"}],"curies":[{"name":"wp","href":"https:\/\/api.w.org\/{rel}","templated":true}]}}