{"id":3939,"date":"2025-08-23T19:34:36","date_gmt":"2025-08-23T17:34:36","guid":{"rendered":"https:\/\/periodicolarepublica.com\/?p=3939"},"modified":"2025-08-23T19:34:36","modified_gmt":"2025-08-23T17:34:36","slug":"centro-cultural-taino-casa-del-cordon-explora-el-universo-simbolico-de-ada-balcacer","status":"publish","type":"post","link":"https:\/\/periodicolarepublica.com\/index.php\/2025\/08\/23\/centro-cultural-taino-casa-del-cordon-explora-el-universo-simbolico-de-ada-balcacer\/","title":{"rendered":"Centro Cultural Ta\u00edno Casa del Cord\u00f3n explora el universo simb\u00f3lico de Ada Balc\u00e1cer"},"content":{"rendered":"<p>Una mirada a las claves est\u00e9ticas y culturales de una de las grandes figuras de la pl\u00e1stica dominicana<\/p>\n<p>Santo Domingo, D.N. \u2013 El Centro Cultural Ta\u00edno Casa del Cord\u00f3n, una iniciativa del Banco Popular Dominicano y la Fundaci\u00f3n Garc\u00eda Ar\u00e9valo, realiz\u00f3 el conversatorio \u201cAda Balc\u00e1cer: un acercamiento a su mundo creativo\u201d, en el cual se abordar\u00e1n los caminos simb\u00f3licos y expresivos de esta gran artista de la pl\u00e1stica dominicana.<\/p>\n<p>El conversatorio estuvo a cargo de la reconocida historiadora del arte Mar\u00eda Isabel Mart\u00ednez Morera, quien explor\u00f3 en detalle los s\u00edmbolos y expresiones que distinguen la obra de Ada Balc\u00e1cer.<\/p>\n<p>En el encuentro se destac\u00f3 el valor est\u00e9tico y cultural de esta artista y su significativo aporte al desarrollo del arte contempor\u00e1neo dominicano, a trav\u00e9s de un lenguaje visual aut\u00e9ntico y profundamente enraizado en su contexto.<\/p>\n<p>Una colecci\u00f3n con historia y sentido nacional<\/p>\n<p>Esta actividad forma parte del programa educativo de la exposici\u00f3n \u201cMaestros de las Artes Visuales en la colecci\u00f3n del Banco Popular Dominicano\u201d, que rinde homenaje a grandes exponentes del arte nacional y se encuentra actualmente en exhibici\u00f3n en el recinto cultural.<\/p>\n<p>La muestra presenta un recorrido por obras clave del arte dominicano desde 1900 hasta la actualidad, y refleja los hitos hist\u00f3ricos y sociales que influyeron en la evoluci\u00f3n de las expresiones art\u00edsticas en el pa\u00eds, como la llegada de artistas exiliados, el impacto de la dictadura y la posterior apertura democr\u00e1tica.<\/p>\n<p><img loading=\"lazy\" decoding=\"async\" class=\"alignnone size-medium wp-image-3940\" src=\"https:\/\/periodicolarepublica.com\/wp-content\/uploads\/2025\/08\/image003-1-300x161.jpg\" alt=\"\" width=\"300\" height=\"161\" \/><\/p>\n","protected":false},"excerpt":{"rendered":"<p>Una mirada a las claves est\u00e9ticas y culturales de una de las grandes figuras de la pl\u00e1stica dominicana Santo Domingo, D.N. \u2013 El Centro Cultural Ta\u00edno Casa del Cord\u00f3n, una iniciativa del Banco Popular Dominicano y la Fundaci\u00f3n Garc\u00eda Ar\u00e9valo, realiz\u00f3 el conversatorio \u201cAda Balc\u00e1cer: un acercamiento a su mundo creativo\u201d, en el cual se [&hellip;]<\/p>\n","protected":false},"author":6,"featured_media":3940,"comment_status":"open","ping_status":"open","sticky":false,"template":"","format":"standard","meta":{"om_disable_all_campaigns":false,"_monsterinsights_skip_tracking":false,"_monsterinsights_sitenote_active":false,"_monsterinsights_sitenote_note":"","_monsterinsights_sitenote_category":0,"footnotes":""},"categories":[1],"tags":[453],"class_list":{"0":"post-3939","1":"post","2":"type-post","3":"status-publish","4":"format-standard","5":"has-post-thumbnail","7":"category-nacionales","8":"tag-casa-del-cordon"},"aioseo_notices":[],"_links":{"self":[{"href":"https:\/\/periodicolarepublica.com\/index.php\/wp-json\/wp\/v2\/posts\/3939","targetHints":{"allow":["GET"]}}],"collection":[{"href":"https:\/\/periodicolarepublica.com\/index.php\/wp-json\/wp\/v2\/posts"}],"about":[{"href":"https:\/\/periodicolarepublica.com\/index.php\/wp-json\/wp\/v2\/types\/post"}],"author":[{"embeddable":true,"href":"https:\/\/periodicolarepublica.com\/index.php\/wp-json\/wp\/v2\/users\/6"}],"replies":[{"embeddable":true,"href":"https:\/\/periodicolarepublica.com\/index.php\/wp-json\/wp\/v2\/comments?post=3939"}],"version-history":[{"count":1,"href":"https:\/\/periodicolarepublica.com\/index.php\/wp-json\/wp\/v2\/posts\/3939\/revisions"}],"predecessor-version":[{"id":3941,"href":"https:\/\/periodicolarepublica.com\/index.php\/wp-json\/wp\/v2\/posts\/3939\/revisions\/3941"}],"wp:featuredmedia":[{"embeddable":true,"href":"https:\/\/periodicolarepublica.com\/index.php\/wp-json\/wp\/v2\/media\/3940"}],"wp:attachment":[{"href":"https:\/\/periodicolarepublica.com\/index.php\/wp-json\/wp\/v2\/media?parent=3939"}],"wp:term":[{"taxonomy":"category","embeddable":true,"href":"https:\/\/periodicolarepublica.com\/index.php\/wp-json\/wp\/v2\/categories?post=3939"},{"taxonomy":"post_tag","embeddable":true,"href":"https:\/\/periodicolarepublica.com\/index.php\/wp-json\/wp\/v2\/tags?post=3939"}],"curies":[{"name":"wp","href":"https:\/\/api.w.org\/{rel}","templated":true}]}}