{"id":3943,"date":"2025-08-24T22:47:13","date_gmt":"2025-08-24T20:47:13","guid":{"rendered":"https:\/\/periodicolarepublica.com\/?p=3943"},"modified":"2025-08-24T22:47:13","modified_gmt":"2025-08-24T20:47:13","slug":"alcaldesa-betty-geronimo-culmina-con-exito-entrega-de-utiles-escolares-beneficiando-a-mas-de-10000-ninos","status":"publish","type":"post","link":"https:\/\/periodicolarepublica.com\/index.php\/2025\/08\/24\/alcaldesa-betty-geronimo-culmina-con-exito-entrega-de-utiles-escolares-beneficiando-a-mas-de-10000-ninos\/","title":{"rendered":"Alcaldesa Betty Ger\u00f3nimo culmina con \u00e9xito entrega de \u00fatiles escolares beneficiando a m\u00e1s de 10,000 ni\u00f1os"},"content":{"rendered":"<p>SANTO DOMINGO NORTE. \u2013 La alcaldesa Betty Ger\u00f3nimo cerr\u00f3 este domingo con broche de oro la jornada de entrega de \u00fatiles escolares a trav\u00e9s del programa \u201cLa Ruta Escolar\u201d, una iniciativa que impact\u00f3 de manera directa a m\u00e1s de 10,000 estudiantes del municipio, justo a tiempo para el inicio del a\u00f1o escolar 2025-2026.<\/p>\n<p>&nbsp;<\/p>\n<p>Desde el viernes hasta el domingo, el municipio se llen\u00f3 de vida con recorridos en comunidades como El Higuero, Guaricano, Villa Mella Norte y Sur, y Sabana Perdida Norte y Sur, entre otras.<\/p>\n<p>&nbsp;<\/p>\n<p>En cada punto, los ni\u00f1os y sus familias disfrutaron de actividades recreativas, personajes infantiles, m\u00fasica y animaci\u00f3n, mientras recib\u00edan mochilas completamente equipadas con cuadernos, l\u00e1pices, sacapuntas, reglas y dem\u00e1s \u00fatiles esenciales para su regreso a clases.<\/p>\n<p>&nbsp;<\/p>\n<p>La alcaldesa Betty Ger\u00f3nimo resalt\u00f3 que esta acci\u00f3n va mucho m\u00e1s all\u00e1 de una entrega simb\u00f3lica, ya que representa un compromiso firme con la educaci\u00f3n, la equidad y el desarrollo integral de la ni\u00f1ez.<\/p>\n<p>&nbsp;<\/p>\n<p>\u201cQueremos que nuestros ni\u00f1os inicien la escuela con esperanza, con alegr\u00eda y con las herramientas necesarias para triunfar. \u00a1Ellos son el futuro de nuestro municipio y del pa\u00eds!\u201d, expres\u00f3 emocionada.<\/p>\n<p>&nbsp;<\/p>\n<p>Durante cada jornada, el ambiente fue de fiesta y gratitud. Las familias agradecieron no solo los \u00fatiles escolares, sino el acompa\u00f1amiento y la alegr\u00eda que caracteriz\u00f3 esta Ruta Escolar.<\/p>\n<p>&nbsp;<\/p>\n<p>Ger\u00f3nimo reiter\u00f3 que esta es una forma concreta de apoyar a quienes m\u00e1s lo necesitan: \u201cEsto no es solo una entrega de \u00fatiles, es una inversi\u00f3n en el futuro de nuestros ni\u00f1os\u201d, afirm\u00f3.<\/p>\n<p>&nbsp;<\/p>\n<p>Con la finalizaci\u00f3n de esta entrega, la alcaldesa reafirm\u00f3 su compromiso con una gesti\u00f3n cercana, inclusiva y centrada en crear oportunidades. \u201cLa educaci\u00f3n S\u00cd importa y aqu\u00ed estamos para apoyarlos. Vamos a seguir trabajando juntos por un municipio m\u00e1s alegre, m\u00e1s justo y lleno de oportunidades\u201d, concluy\u00f3 Betty Ger\u00f3nimo.<\/p>\n<figure id=\"attachment_1127\" aria-describedby=\"caption-attachment-1127\" style=\"width: 300px\" class=\"wp-caption alignnone\"><img loading=\"lazy\" decoding=\"async\" class=\"size-medium wp-image-1127\" src=\"https:\/\/periodicolarepublica.com\/wp-content\/uploads\/2024\/06\/Picsart_24-06-30_16-42-13-404-scaled-e1756068382560-300x223.jpg\" alt=\"\" width=\"300\" height=\"223\" srcset=\"https:\/\/periodicolarepublica.com\/wp-content\/uploads\/2024\/06\/Picsart_24-06-30_16-42-13-404-scaled-e1756068382560-300x223.jpg?v=1719780511 300w, https:\/\/periodicolarepublica.com\/wp-content\/uploads\/2024\/06\/Picsart_24-06-30_16-42-13-404-scaled-e1756068382560-1024x760.jpg?v=1719780511 1024w, https:\/\/periodicolarepublica.com\/wp-content\/uploads\/2024\/06\/Picsart_24-06-30_16-42-13-404-scaled-e1756068382560-768x570.jpg?v=1719780511 768w, https:\/\/periodicolarepublica.com\/wp-content\/uploads\/2024\/06\/Picsart_24-06-30_16-42-13-404-scaled-e1756068382560-150x111.jpg?v=1719780511 150w, https:\/\/periodicolarepublica.com\/wp-content\/uploads\/2024\/06\/Picsart_24-06-30_16-42-13-404-scaled-e1756068382560-600x446.jpg?v=1719780511 600w, https:\/\/periodicolarepublica.com\/wp-content\/uploads\/2024\/06\/Picsart_24-06-30_16-42-13-404-scaled-e1756068382560-485x360.jpg?v=1719780511 485w, https:\/\/periodicolarepublica.com\/wp-content\/uploads\/2024\/06\/Picsart_24-06-30_16-42-13-404-scaled-e1756068382560-970x720.jpg?v=1719780511 970w, https:\/\/periodicolarepublica.com\/wp-content\/uploads\/2024\/06\/Picsart_24-06-30_16-42-13-404-scaled-e1756068382560-696x517.jpg?v=1719780511 696w, https:\/\/periodicolarepublica.com\/wp-content\/uploads\/2024\/06\/Picsart_24-06-30_16-42-13-404-scaled-e1756068382560-1068x793.jpg?v=1719780511 1068w, https:\/\/periodicolarepublica.com\/wp-content\/uploads\/2024\/06\/Picsart_24-06-30_16-42-13-404-scaled-e1756068382560-265x198.jpg?v=1719780511 265w, https:\/\/periodicolarepublica.com\/wp-content\/uploads\/2024\/06\/Picsart_24-06-30_16-42-13-404-scaled-e1756068382560-530x396.jpg?v=1719780511 530w, https:\/\/periodicolarepublica.com\/wp-content\/uploads\/2024\/06\/Picsart_24-06-30_16-42-13-404-scaled-e1756068382560.jpg?v=1719780511 1150w\" sizes=\"auto, (max-width: 300px) 100vw, 300px\" \/><figcaption id=\"caption-attachment-1127\" class=\"wp-caption-text\">Betty Ger\u00f3nimo en fotonde archivo<\/figcaption><\/figure>\n","protected":false},"excerpt":{"rendered":"<p>SANTO DOMINGO NORTE. \u2013 La alcaldesa Betty Ger\u00f3nimo cerr\u00f3 este domingo con broche de oro la jornada de entrega de \u00fatiles escolares a trav\u00e9s del programa \u201cLa Ruta Escolar\u201d, una iniciativa que impact\u00f3 de manera directa a m\u00e1s de 10,000 estudiantes del municipio, justo a tiempo para el inicio del a\u00f1o escolar 2025-2026. &nbsp; Desde [&hellip;]<\/p>\n","protected":false},"author":6,"featured_media":1127,"comment_status":"open","ping_status":"open","sticky":false,"template":"","format":"standard","meta":{"om_disable_all_campaigns":false,"_monsterinsights_skip_tracking":false,"_monsterinsights_sitenote_active":false,"_monsterinsights_sitenote_note":"","_monsterinsights_sitenote_category":0,"footnotes":""},"categories":[1],"tags":[],"class_list":{"0":"post-3943","1":"post","2":"type-post","3":"status-publish","4":"format-standard","5":"has-post-thumbnail","7":"category-nacionales"},"aioseo_notices":[],"_links":{"self":[{"href":"https:\/\/periodicolarepublica.com\/index.php\/wp-json\/wp\/v2\/posts\/3943","targetHints":{"allow":["GET"]}}],"collection":[{"href":"https:\/\/periodicolarepublica.com\/index.php\/wp-json\/wp\/v2\/posts"}],"about":[{"href":"https:\/\/periodicolarepublica.com\/index.php\/wp-json\/wp\/v2\/types\/post"}],"author":[{"embeddable":true,"href":"https:\/\/periodicolarepublica.com\/index.php\/wp-json\/wp\/v2\/users\/6"}],"replies":[{"embeddable":true,"href":"https:\/\/periodicolarepublica.com\/index.php\/wp-json\/wp\/v2\/comments?post=3943"}],"version-history":[{"count":1,"href":"https:\/\/periodicolarepublica.com\/index.php\/wp-json\/wp\/v2\/posts\/3943\/revisions"}],"predecessor-version":[{"id":3944,"href":"https:\/\/periodicolarepublica.com\/index.php\/wp-json\/wp\/v2\/posts\/3943\/revisions\/3944"}],"wp:featuredmedia":[{"embeddable":true,"href":"https:\/\/periodicolarepublica.com\/index.php\/wp-json\/wp\/v2\/media\/1127"}],"wp:attachment":[{"href":"https:\/\/periodicolarepublica.com\/index.php\/wp-json\/wp\/v2\/media?parent=3943"}],"wp:term":[{"taxonomy":"category","embeddable":true,"href":"https:\/\/periodicolarepublica.com\/index.php\/wp-json\/wp\/v2\/categories?post=3943"},{"taxonomy":"post_tag","embeddable":true,"href":"https:\/\/periodicolarepublica.com\/index.php\/wp-json\/wp\/v2\/tags?post=3943"}],"curies":[{"name":"wp","href":"https:\/\/api.w.org\/{rel}","templated":true}]}}