{"id":3945,"date":"2025-08-24T22:49:56","date_gmt":"2025-08-24T20:49:56","guid":{"rendered":"https:\/\/periodicolarepublica.com\/?p=3945"},"modified":"2025-08-24T22:49:56","modified_gmt":"2025-08-24T20:49:56","slug":"presidente-abinader-inaugura-ampliacion-area-de-internamiento-hospital-regional-luis-morillo-king","status":"publish","type":"post","link":"https:\/\/periodicolarepublica.com\/index.php\/2025\/08\/24\/presidente-abinader-inaugura-ampliacion-area-de-internamiento-hospital-regional-luis-morillo-king\/","title":{"rendered":"Presidente Abinader inaugura ampliaci\u00f3n \u00c1rea de Internamiento Hospital Regional Luis Morillo King"},"content":{"rendered":"<p>La Vega. &#8211; El presidente de la Rep\u00fablica, Luis Abinader Corona, encabez\u00f3 este domingo la inauguraci\u00f3n de la ampliaci\u00f3n del \u00c1rea de Internamiento del Hospital Regional Dr. Luis Morillo King, en beneficio de m\u00e1s de 282 mil habitantes de esta ciudad y comunidades circundantes.<\/p>\n<p>&nbsp;<\/p>\n<p>La nueva infraestructura hospitalaria representa una inversi\u00f3n total de RD$157,057,784.72, distribuida en RD$142,411,633.02 para la ejecuci\u00f3n de la obra y RD$14,646,151.70 en equipamiento m\u00e9dico especializado.<\/p>\n<p>Nuevas Facilidades<\/p>\n<p>La ampliaci\u00f3n incluye modernas instalaciones dise\u00f1adas para brindar servicios de salud de alta calidad, entre ellas: 15 habitaciones dobles para internamiento, una estaci\u00f3n de enfermer\u00eda completamente equipada, \u00e1reas de servicios especializados con data, dep\u00f3sito, cuarto el\u00e9ctrico y cuarto de limpieza.<\/p>\n<p><img loading=\"lazy\" decoding=\"async\" class=\"alignnone size-medium wp-image-3101\" src=\"https:\/\/periodicolarepublica.com\/wp-content\/uploads\/2025\/04\/25da67824c9f1869e8ef3eacb5d2ced0_XL-1-300x137.jpg\" alt=\"\" width=\"300\" height=\"137\" srcset=\"https:\/\/periodicolarepublica.com\/wp-content\/uploads\/2025\/04\/25da67824c9f1869e8ef3eacb5d2ced0_XL-1-300x137.jpg 300w, https:\/\/periodicolarepublica.com\/wp-content\/uploads\/2025\/04\/25da67824c9f1869e8ef3eacb5d2ced0_XL-1-768x351.jpg 768w, https:\/\/periodicolarepublica.com\/wp-content\/uploads\/2025\/04\/25da67824c9f1869e8ef3eacb5d2ced0_XL-1-150x69.jpg 150w, https:\/\/periodicolarepublica.com\/wp-content\/uploads\/2025\/04\/25da67824c9f1869e8ef3eacb5d2ced0_XL-1-600x274.jpg 600w, https:\/\/periodicolarepublica.com\/wp-content\/uploads\/2025\/04\/25da67824c9f1869e8ef3eacb5d2ced0_XL-1-696x318.jpg 696w, https:\/\/periodicolarepublica.com\/wp-content\/uploads\/2025\/04\/25da67824c9f1869e8ef3eacb5d2ced0_XL-1.jpg 900w\" sizes=\"auto, (max-width: 300px) 100vw, 300px\" \/><\/p>\n","protected":false},"excerpt":{"rendered":"<p>La Vega. &#8211; El presidente de la Rep\u00fablica, Luis Abinader Corona, encabez\u00f3 este domingo la inauguraci\u00f3n de la ampliaci\u00f3n del \u00c1rea de Internamiento del Hospital Regional Dr. Luis Morillo King, en beneficio de m\u00e1s de 282 mil habitantes de esta ciudad y comunidades circundantes. &nbsp; La nueva infraestructura hospitalaria representa una inversi\u00f3n total de RD$157,057,784.72, [&hellip;]<\/p>\n","protected":false},"author":6,"featured_media":3101,"comment_status":"open","ping_status":"open","sticky":false,"template":"","format":"standard","meta":{"om_disable_all_campaigns":false,"_monsterinsights_skip_tracking":false,"_monsterinsights_sitenote_active":false,"_monsterinsights_sitenote_note":"","_monsterinsights_sitenote_category":0,"footnotes":""},"categories":[1],"tags":[277],"class_list":{"0":"post-3945","1":"post","2":"type-post","3":"status-publish","4":"format-standard","5":"has-post-thumbnail","7":"category-nacionales","8":"tag-sns"},"aioseo_notices":[],"_links":{"self":[{"href":"https:\/\/periodicolarepublica.com\/index.php\/wp-json\/wp\/v2\/posts\/3945","targetHints":{"allow":["GET"]}}],"collection":[{"href":"https:\/\/periodicolarepublica.com\/index.php\/wp-json\/wp\/v2\/posts"}],"about":[{"href":"https:\/\/periodicolarepublica.com\/index.php\/wp-json\/wp\/v2\/types\/post"}],"author":[{"embeddable":true,"href":"https:\/\/periodicolarepublica.com\/index.php\/wp-json\/wp\/v2\/users\/6"}],"replies":[{"embeddable":true,"href":"https:\/\/periodicolarepublica.com\/index.php\/wp-json\/wp\/v2\/comments?post=3945"}],"version-history":[{"count":1,"href":"https:\/\/periodicolarepublica.com\/index.php\/wp-json\/wp\/v2\/posts\/3945\/revisions"}],"predecessor-version":[{"id":3946,"href":"https:\/\/periodicolarepublica.com\/index.php\/wp-json\/wp\/v2\/posts\/3945\/revisions\/3946"}],"wp:featuredmedia":[{"embeddable":true,"href":"https:\/\/periodicolarepublica.com\/index.php\/wp-json\/wp\/v2\/media\/3101"}],"wp:attachment":[{"href":"https:\/\/periodicolarepublica.com\/index.php\/wp-json\/wp\/v2\/media?parent=3945"}],"wp:term":[{"taxonomy":"category","embeddable":true,"href":"https:\/\/periodicolarepublica.com\/index.php\/wp-json\/wp\/v2\/categories?post=3945"},{"taxonomy":"post_tag","embeddable":true,"href":"https:\/\/periodicolarepublica.com\/index.php\/wp-json\/wp\/v2\/tags?post=3945"}],"curies":[{"name":"wp","href":"https:\/\/api.w.org\/{rel}","templated":true}]}}