{"id":3948,"date":"2025-08-24T23:58:28","date_gmt":"2025-08-24T21:58:28","guid":{"rendered":"https:\/\/periodicolarepublica.com\/?p=3948"},"modified":"2025-08-24T23:58:28","modified_gmt":"2025-08-24T21:58:28","slug":"cef-santo-domingo-gradua-a-40-colaboradores-del-ministerio-de-medio-ambiente-en-desarrollo-ambiental","status":"publish","type":"post","link":"https:\/\/periodicolarepublica.com\/index.php\/2025\/08\/24\/cef-santo-domingo-gradua-a-40-colaboradores-del-ministerio-de-medio-ambiente-en-desarrollo-ambiental\/","title":{"rendered":"CEF.- Santo Domingo grad\u00faa a 40 colaboradores del Ministerio de Medio Ambiente en desarrollo ambiental"},"content":{"rendered":"<p>La instituci\u00f3n de educaci\u00f3n superior ubicada en el centro comercial Novocentro cuenta con la capacidad de adaptar experiencias formativas complejas a las necesidades particulares de cada organizaci\u00f3n.<\/p>\n<p>Santo Domingo. CEF.- Santo Domingo certific\u00f3 a 40 participantes del \u201cPrograma de Desarrollo Ambiental en Rep\u00fablica Dominicana\u201d, preparado especialmente para colaboradores del Ministerio de Medio Ambiente y Recursos Naturales de Rep\u00fablica Dominicana.<\/p>\n<p>La ceremonia se llev\u00f3 a cabo en las modernas instalaciones de esta prestigiosa instituci\u00f3n educativa, filial dominicana del Grupo Educativo CEF.- UDIMA, l\u00edder europeo en formaci\u00f3n especializada, en concordancia con el compromiso con la sostenibilidad y la gesti\u00f3n ambiental.<\/p>\n<figure id=\"attachment_3949\" aria-describedby=\"caption-attachment-3949\" style=\"width: 300px\" class=\"wp-caption alignnone\"><img loading=\"lazy\" decoding=\"async\" class=\"wp-image-3949 size-medium\" src=\"https:\/\/periodicolarepublica.com\/wp-content\/uploads\/2025\/08\/Curso-CEF.-SD-y-Medio-Ambiente-e1756072649706-300x239.jpg\" alt=\"\" width=\"300\" height=\"239\" srcset=\"https:\/\/periodicolarepublica.com\/wp-content\/uploads\/2025\/08\/Curso-CEF.-SD-y-Medio-Ambiente-e1756072649706-300x239.jpg 300w, https:\/\/periodicolarepublica.com\/wp-content\/uploads\/2025\/08\/Curso-CEF.-SD-y-Medio-Ambiente-e1756072649706-768x612.jpg 768w, https:\/\/periodicolarepublica.com\/wp-content\/uploads\/2025\/08\/Curso-CEF.-SD-y-Medio-Ambiente-e1756072649706-150x120.jpg 150w, https:\/\/periodicolarepublica.com\/wp-content\/uploads\/2025\/08\/Curso-CEF.-SD-y-Medio-Ambiente-e1756072649706-600x478.jpg 600w, https:\/\/periodicolarepublica.com\/wp-content\/uploads\/2025\/08\/Curso-CEF.-SD-y-Medio-Ambiente-e1756072649706-696x555.jpg 696w, https:\/\/periodicolarepublica.com\/wp-content\/uploads\/2025\/08\/Curso-CEF.-SD-y-Medio-Ambiente-e1756072649706.jpg 863w\" sizes=\"auto, (max-width: 300px) 100vw, 300px\" \/><figcaption id=\"caption-attachment-3949\" class=\"wp-caption-text\">CEF<\/figcaption><\/figure>\n","protected":false},"excerpt":{"rendered":"<p>La instituci\u00f3n de educaci\u00f3n superior ubicada en el centro comercial Novocentro cuenta con la capacidad de adaptar experiencias formativas complejas a las necesidades particulares de cada organizaci\u00f3n. Santo Domingo. CEF.- Santo Domingo certific\u00f3 a 40 participantes del \u201cPrograma de Desarrollo Ambiental en Rep\u00fablica Dominicana\u201d, preparado especialmente para colaboradores del Ministerio de Medio Ambiente y Recursos [&hellip;]<\/p>\n","protected":false},"author":6,"featured_media":3949,"comment_status":"open","ping_status":"open","sticky":false,"template":"","format":"standard","meta":{"om_disable_all_campaigns":false,"_monsterinsights_skip_tracking":false,"_monsterinsights_sitenote_active":false,"_monsterinsights_sitenote_note":"","_monsterinsights_sitenote_category":0,"footnotes":""},"categories":[1],"tags":[454],"class_list":{"0":"post-3948","1":"post","2":"type-post","3":"status-publish","4":"format-standard","5":"has-post-thumbnail","7":"category-nacionales","8":"tag-cef"},"aioseo_notices":[],"_links":{"self":[{"href":"https:\/\/periodicolarepublica.com\/index.php\/wp-json\/wp\/v2\/posts\/3948","targetHints":{"allow":["GET"]}}],"collection":[{"href":"https:\/\/periodicolarepublica.com\/index.php\/wp-json\/wp\/v2\/posts"}],"about":[{"href":"https:\/\/periodicolarepublica.com\/index.php\/wp-json\/wp\/v2\/types\/post"}],"author":[{"embeddable":true,"href":"https:\/\/periodicolarepublica.com\/index.php\/wp-json\/wp\/v2\/users\/6"}],"replies":[{"embeddable":true,"href":"https:\/\/periodicolarepublica.com\/index.php\/wp-json\/wp\/v2\/comments?post=3948"}],"version-history":[{"count":1,"href":"https:\/\/periodicolarepublica.com\/index.php\/wp-json\/wp\/v2\/posts\/3948\/revisions"}],"predecessor-version":[{"id":3950,"href":"https:\/\/periodicolarepublica.com\/index.php\/wp-json\/wp\/v2\/posts\/3948\/revisions\/3950"}],"wp:featuredmedia":[{"embeddable":true,"href":"https:\/\/periodicolarepublica.com\/index.php\/wp-json\/wp\/v2\/media\/3949"}],"wp:attachment":[{"href":"https:\/\/periodicolarepublica.com\/index.php\/wp-json\/wp\/v2\/media?parent=3948"}],"wp:term":[{"taxonomy":"category","embeddable":true,"href":"https:\/\/periodicolarepublica.com\/index.php\/wp-json\/wp\/v2\/categories?post=3948"},{"taxonomy":"post_tag","embeddable":true,"href":"https:\/\/periodicolarepublica.com\/index.php\/wp-json\/wp\/v2\/tags?post=3948"}],"curies":[{"name":"wp","href":"https:\/\/api.w.org\/{rel}","templated":true}]}}