{"id":3954,"date":"2025-08-25T18:49:47","date_gmt":"2025-08-25T16:49:47","guid":{"rendered":"https:\/\/periodicolarepublica.com\/?p=3954"},"modified":"2025-08-25T18:49:47","modified_gmt":"2025-08-25T16:49:47","slug":"arajet-y-los-marlins-celebran-dia-dominicano-en-miami","status":"publish","type":"post","link":"https:\/\/periodicolarepublica.com\/index.php\/2025\/08\/25\/arajet-y-los-marlins-celebran-dia-dominicano-en-miami\/","title":{"rendered":"Arajet y los Marlins celebran d\u00eda dominicano en Miami"},"content":{"rendered":"<p>Miami, Florida. &#8211; Arajet, la aerol\u00ednea bandera dominicana, y los Miami Marlins celebraron juntos el \u201cDominican Heritage Day\u201d, en el LoanDepot Park de esta ciudad con la asistencia de m\u00e1s de 25 mil espectadores.<\/p>\n<p>El evento reuni\u00f3 a miles de familias dominicanas que portaban sus banderas nacionales para disfrutar del partido entre los Miami Marlins y los Toronto Blue Jays, en una jornada dedicada a resaltar la cultura y el orgullo dominicano.<\/p>\n<p>En el marco de esta celebraci\u00f3n, el CEO de Arajet, Victor Pacheco Mendez tuvo el honor de realizar el lanzamiento de la primera bola, un momento simb\u00f3lico que enalteci\u00f3 la presencia dominicana en un escenario internacional tan relevante.<\/p>\n<p>Durante el evento, Arajet tambi\u00e9n llev\u00f3 la alegr\u00eda y el sabor caracter\u00edstico de la Rep\u00fablica Dominicana a las calles de Miami, compartiendo experiencias con la comunidad y entregando boletos para que m\u00e1s personas se unieran a esta gran fiesta deportiva y cultural.<\/p>\n<p>\u201cPara nosotros es un honor estar aqu\u00ed junto a una organizaci\u00f3n como los Miami Marlins y enarbolar la bandera dominicana en escenarios internacionales y compartir nuestra cultura con orgullo. El Dominican Heritage Day es una muestra de que donde hay un dominicano, hay alegr\u00eda, pasi\u00f3n y celebraci\u00f3n\u201d<\/p>\n<p><img loading=\"lazy\" decoding=\"async\" class=\"alignnone size-medium wp-image-3955\" src=\"https:\/\/periodicolarepublica.com\/wp-content\/uploads\/2025\/08\/Manuel-Luna-Caroline-OConnor-Sandy-Alcantara-y-Victor-Pacheco-Mendez-scaled-e1756140530720-300x258.jpeg\" alt=\"\" width=\"300\" height=\"258\" srcset=\"https:\/\/periodicolarepublica.com\/wp-content\/uploads\/2025\/08\/Manuel-Luna-Caroline-OConnor-Sandy-Alcantara-y-Victor-Pacheco-Mendez-scaled-e1756140530720-300x258.jpeg 300w, https:\/\/periodicolarepublica.com\/wp-content\/uploads\/2025\/08\/Manuel-Luna-Caroline-OConnor-Sandy-Alcantara-y-Victor-Pacheco-Mendez-scaled-e1756140530720-1024x881.jpeg 1024w, https:\/\/periodicolarepublica.com\/wp-content\/uploads\/2025\/08\/Manuel-Luna-Caroline-OConnor-Sandy-Alcantara-y-Victor-Pacheco-Mendez-scaled-e1756140530720-768x661.jpeg 768w, https:\/\/periodicolarepublica.com\/wp-content\/uploads\/2025\/08\/Manuel-Luna-Caroline-OConnor-Sandy-Alcantara-y-Victor-Pacheco-Mendez-scaled-e1756140530720-150x129.jpeg 150w, https:\/\/periodicolarepublica.com\/wp-content\/uploads\/2025\/08\/Manuel-Luna-Caroline-OConnor-Sandy-Alcantara-y-Victor-Pacheco-Mendez-scaled-e1756140530720-600x516.jpeg 600w, https:\/\/periodicolarepublica.com\/wp-content\/uploads\/2025\/08\/Manuel-Luna-Caroline-OConnor-Sandy-Alcantara-y-Victor-Pacheco-Mendez-scaled-e1756140530720-696x599.jpeg 696w, https:\/\/periodicolarepublica.com\/wp-content\/uploads\/2025\/08\/Manuel-Luna-Caroline-OConnor-Sandy-Alcantara-y-Victor-Pacheco-Mendez-scaled-e1756140530720-1068x919.jpeg 1068w, https:\/\/periodicolarepublica.com\/wp-content\/uploads\/2025\/08\/Manuel-Luna-Caroline-OConnor-Sandy-Alcantara-y-Victor-Pacheco-Mendez-scaled-e1756140530720.jpeg 1325w\" sizes=\"auto, (max-width: 300px) 100vw, 300px\" \/><\/p>\n","protected":false},"excerpt":{"rendered":"<p>Miami, Florida. &#8211; Arajet, la aerol\u00ednea bandera dominicana, y los Miami Marlins celebraron juntos el \u201cDominican Heritage Day\u201d, en el LoanDepot Park de esta ciudad con la asistencia de m\u00e1s de 25 mil espectadores. El evento reuni\u00f3 a miles de familias dominicanas que portaban sus banderas nacionales para disfrutar del partido entre los Miami Marlins [&hellip;]<\/p>\n","protected":false},"author":6,"featured_media":3955,"comment_status":"open","ping_status":"open","sticky":false,"template":"","format":"standard","meta":{"om_disable_all_campaigns":false,"_monsterinsights_skip_tracking":false,"_monsterinsights_sitenote_active":false,"_monsterinsights_sitenote_note":"","_monsterinsights_sitenote_category":0,"footnotes":""},"categories":[1],"tags":[104],"class_list":{"0":"post-3954","1":"post","2":"type-post","3":"status-publish","4":"format-standard","5":"has-post-thumbnail","7":"category-nacionales","8":"tag-arajet"},"aioseo_notices":[],"_links":{"self":[{"href":"https:\/\/periodicolarepublica.com\/index.php\/wp-json\/wp\/v2\/posts\/3954","targetHints":{"allow":["GET"]}}],"collection":[{"href":"https:\/\/periodicolarepublica.com\/index.php\/wp-json\/wp\/v2\/posts"}],"about":[{"href":"https:\/\/periodicolarepublica.com\/index.php\/wp-json\/wp\/v2\/types\/post"}],"author":[{"embeddable":true,"href":"https:\/\/periodicolarepublica.com\/index.php\/wp-json\/wp\/v2\/users\/6"}],"replies":[{"embeddable":true,"href":"https:\/\/periodicolarepublica.com\/index.php\/wp-json\/wp\/v2\/comments?post=3954"}],"version-history":[{"count":1,"href":"https:\/\/periodicolarepublica.com\/index.php\/wp-json\/wp\/v2\/posts\/3954\/revisions"}],"predecessor-version":[{"id":3956,"href":"https:\/\/periodicolarepublica.com\/index.php\/wp-json\/wp\/v2\/posts\/3954\/revisions\/3956"}],"wp:featuredmedia":[{"embeddable":true,"href":"https:\/\/periodicolarepublica.com\/index.php\/wp-json\/wp\/v2\/media\/3955"}],"wp:attachment":[{"href":"https:\/\/periodicolarepublica.com\/index.php\/wp-json\/wp\/v2\/media?parent=3954"}],"wp:term":[{"taxonomy":"category","embeddable":true,"href":"https:\/\/periodicolarepublica.com\/index.php\/wp-json\/wp\/v2\/categories?post=3954"},{"taxonomy":"post_tag","embeddable":true,"href":"https:\/\/periodicolarepublica.com\/index.php\/wp-json\/wp\/v2\/tags?post=3954"}],"curies":[{"name":"wp","href":"https:\/\/api.w.org\/{rel}","templated":true}]}}