{"id":3957,"date":"2025-08-27T03:44:09","date_gmt":"2025-08-27T01:44:09","guid":{"rendered":"https:\/\/periodicolarepublica.com\/?p=3957"},"modified":"2025-08-27T03:44:09","modified_gmt":"2025-08-27T01:44:09","slug":"filsd-2025-rendira-homenaje-a-frank-moya-pons-y-tendra-la-literatura-infantil-como-tema-central","status":"publish","type":"post","link":"https:\/\/periodicolarepublica.com\/index.php\/2025\/08\/27\/filsd-2025-rendira-homenaje-a-frank-moya-pons-y-tendra-la-literatura-infantil-como-tema-central\/","title":{"rendered":"FILSD 2025 rendir\u00e1 homenaje a Frank Moya Pons y tendr\u00e1 la literatura infantil como tema central"},"content":{"rendered":"<p>La Feria se celebrar\u00e1 del 25 de septiembre al 5 de octubre, con la Red de Ferias y Festivales Literarios de Latinoam\u00e9rica como invitada de honor<\/p>\n<p>Santo Domingo.\u2013 El viceministro de Identidad Cultural y Ciudadan\u00eda del Ministerio de Cultura, Pastor de Moya, y el director de Ferias del Libro, Joan Ferrer, sostuvieron un conversatorio con la prensa nacional donde presentaron los detalles de la XXVII Feria Internacional del Libro Santo Domingo (FILSD 2025), que se celebrar\u00e1 del 25 de septiembre al 5 de octubre en la Plaza de la Cultura Juan Pablo Duarte.<\/p>\n<p>La edici\u00f3n del presente a\u00f1o rendir\u00e1 homenaje al historiador Frank Moya Pons, considerado uno de los autores dominicanos m\u00e1s influyentes y prol\u00edficos, y tendr\u00e1 como eje tem\u00e1tico la literatura infantil y juvenil, con el prop\u00f3sito de fomentar la lectura desde las nuevas generaciones.<\/p>\n<p>Asimismo, contar\u00e1 con la Red de Ferias y Festivales Literarios de Latinoam\u00e9rica como invitada de honor, lo que augura un significativo intercambio cultural en el que participar\u00e1n destacados escritores y editoriales.<\/p>\n<p>La FILSD 2025 se presenta en un momento de consolidaci\u00f3n, tras haber recibido en 2023 la certificaci\u00f3n marca pa\u00eds, que la proyecta como una plataforma de difusi\u00f3n internacional de la cultura dominicana.<\/p>\n<p>\u201cEste es el evento literario m\u00e1s trascendental del pa\u00eds y un espacio de di\u00e1logo con la industria editorial de la regi\u00f3n\u201d, afirm\u00f3 De Moya durante el encuentro con los medios de comunicaci\u00f3n, celebrado en el Bar Juan Lockward del Teatro Nacional Eduardo Brito.<\/p>\n<p>Las cifras del a\u00f1o pasado anticipan la magnitud del encuentro: m\u00e1s de 600,000 visitantes en 2024, ventas de libros que superaron los RD$75 millones y participaci\u00f3n de 19 pa\u00edses, 377 sellos editoriales y 38 autores internacionales.<\/p>\n<p>En esta ocasi\u00f3n, el programa incluye m\u00e1s de 600 actividades, entre ellas 182 presentaciones de libros, 33 conferencias, 125 charlas, 65 talleres y 103 coloquios, adem\u00e1s de recitales y propuestas art\u00edsticas.<\/p>\n<p>La feria contar\u00e1 con 15 pabellones tem\u00e1ticos, tres salas de conferencias, dos auditorios y 123 espacios de exhibici\u00f3n, incluyendo \u00e1reas dedicadas a la literatura infantil y escolar.<\/p>\n<p>Entre las novedades destacan la Sala de Negocios, destinada a la internacionalizaci\u00f3n de autores dominicanos, que contar\u00e1 con la presencia de un agente literario profesional y de una editorial digital de prestigio, as\u00ed como el programa Multiplicando Letras, que permitir\u00e1 la participaci\u00f3n de 75 talleristas y gestores culturales de distintas provincias, con cobertura de hospedaje y dietas.<\/p>\n<p>El Ministerio de Cultura tambi\u00e9n confirm\u00f3 el regreso del exitoso programa Bonolibro, que en 2024 permiti\u00f3 la distribuci\u00f3n de 21,000 ejemplares gratuitos, fortaleciendo la cadena de valor del libro e incentivando la visita a los distintos pabellones.<\/p>\n<p>La programaci\u00f3n tambi\u00e9n contar\u00e1 con la participaci\u00f3n de reconocidas editoriales internacionales, entre ellas el Grupo Editorial Planeta, Grupo Anaya, Fondo de Cultura Econ\u00f3mica, Ediciones Akal, Sial Pigmali\u00f3n, Huerga &amp; Fierro, P\u00e1ginas de Espuma y la Universidad de Salamanca, que junto a otras casas editoriales de Espa\u00f1a y Latinoam\u00e9rica fortalecer\u00e1n la dimensi\u00f3n global del encuentro.<\/p>\n<p>Asimismo, la Cinemateca Nacional abrir\u00e1 un espacio propio dentro de la programaci\u00f3n ferial, donde se exhibir\u00e1n cortometrajes y documentales dominicanos, adem\u00e1s de ciclos de cine nacional e internacional que buscan tender puentes entre la literatura y el s\u00e9ptimo arte, consolid\u00e1ndose como uno de los atractivos m\u00e1s demandados por el p\u00fablico.<\/p>\n<p>Con diez d\u00edas de actividades, la FILSD 2025 se prepara para convertirse nuevamente en la gran fiesta del libro y la cultura de la Rep\u00fablica Dominicana, un encuentro que busca trascender fronteras y consolidarse como referente en Iberoam\u00e9rica.<\/p>\n<p><img loading=\"lazy\" decoding=\"async\" class=\"alignnone size-medium wp-image-3958\" src=\"https:\/\/periodicolarepublica.com\/wp-content\/uploads\/2025\/08\/IMG-20250826-WA0060-e1756259009807-300x271.jpg\" alt=\"\" width=\"300\" height=\"271\" srcset=\"https:\/\/periodicolarepublica.com\/wp-content\/uploads\/2025\/08\/IMG-20250826-WA0060-e1756259009807-300x271.jpg 300w, https:\/\/periodicolarepublica.com\/wp-content\/uploads\/2025\/08\/IMG-20250826-WA0060-e1756259009807-768x693.jpg 768w, https:\/\/periodicolarepublica.com\/wp-content\/uploads\/2025\/08\/IMG-20250826-WA0060-e1756259009807-150x135.jpg 150w, https:\/\/periodicolarepublica.com\/wp-content\/uploads\/2025\/08\/IMG-20250826-WA0060-e1756259009807-600x541.jpg 600w, https:\/\/periodicolarepublica.com\/wp-content\/uploads\/2025\/08\/IMG-20250826-WA0060-e1756259009807-696x628.jpg 696w, https:\/\/periodicolarepublica.com\/wp-content\/uploads\/2025\/08\/IMG-20250826-WA0060-e1756259009807.jpg 818w\" sizes=\"auto, (max-width: 300px) 100vw, 300px\" \/><\/p>\n<p>&nbsp;<\/p>\n<p>__________________________________________________________________<\/p>\n<p>Direcci\u00f3n de Comunicaciones<\/p>\n","protected":false},"excerpt":{"rendered":"<p>La Feria se celebrar\u00e1 del 25 de septiembre al 5 de octubre, con la Red de Ferias y Festivales Literarios de Latinoam\u00e9rica como invitada de honor Santo Domingo.\u2013 El viceministro de Identidad Cultural y Ciudadan\u00eda del Ministerio de Cultura, Pastor de Moya, y el director de Ferias del Libro, Joan Ferrer, sostuvieron un conversatorio con [&hellip;]<\/p>\n","protected":false},"author":6,"featured_media":3958,"comment_status":"open","ping_status":"open","sticky":false,"template":"","format":"standard","meta":{"om_disable_all_campaigns":false,"_monsterinsights_skip_tracking":false,"_monsterinsights_sitenote_active":false,"_monsterinsights_sitenote_note":"","_monsterinsights_sitenote_category":0,"footnotes":""},"categories":[1],"tags":[],"class_list":{"0":"post-3957","1":"post","2":"type-post","3":"status-publish","4":"format-standard","5":"has-post-thumbnail","7":"category-nacionales"},"aioseo_notices":[],"_links":{"self":[{"href":"https:\/\/periodicolarepublica.com\/index.php\/wp-json\/wp\/v2\/posts\/3957","targetHints":{"allow":["GET"]}}],"collection":[{"href":"https:\/\/periodicolarepublica.com\/index.php\/wp-json\/wp\/v2\/posts"}],"about":[{"href":"https:\/\/periodicolarepublica.com\/index.php\/wp-json\/wp\/v2\/types\/post"}],"author":[{"embeddable":true,"href":"https:\/\/periodicolarepublica.com\/index.php\/wp-json\/wp\/v2\/users\/6"}],"replies":[{"embeddable":true,"href":"https:\/\/periodicolarepublica.com\/index.php\/wp-json\/wp\/v2\/comments?post=3957"}],"version-history":[{"count":1,"href":"https:\/\/periodicolarepublica.com\/index.php\/wp-json\/wp\/v2\/posts\/3957\/revisions"}],"predecessor-version":[{"id":3960,"href":"https:\/\/periodicolarepublica.com\/index.php\/wp-json\/wp\/v2\/posts\/3957\/revisions\/3960"}],"wp:featuredmedia":[{"embeddable":true,"href":"https:\/\/periodicolarepublica.com\/index.php\/wp-json\/wp\/v2\/media\/3958"}],"wp:attachment":[{"href":"https:\/\/periodicolarepublica.com\/index.php\/wp-json\/wp\/v2\/media?parent=3957"}],"wp:term":[{"taxonomy":"category","embeddable":true,"href":"https:\/\/periodicolarepublica.com\/index.php\/wp-json\/wp\/v2\/categories?post=3957"},{"taxonomy":"post_tag","embeddable":true,"href":"https:\/\/periodicolarepublica.com\/index.php\/wp-json\/wp\/v2\/tags?post=3957"}],"curies":[{"name":"wp","href":"https:\/\/api.w.org\/{rel}","templated":true}]}}