{"id":3961,"date":"2025-08-27T03:48:18","date_gmt":"2025-08-27T01:48:18","guid":{"rendered":"https:\/\/periodicolarepublica.com\/?p=3961"},"modified":"2025-08-27T03:49:43","modified_gmt":"2025-08-27T01:49:43","slug":"3961","status":"publish","type":"post","link":"https:\/\/periodicolarepublica.com\/index.php\/2025\/08\/27\/3961\/","title":{"rendered":"Robert Polanco asegura el Gobierno realiza una intervenci\u00f3n integral y sostenida en el sector Capotillo"},"content":{"rendered":"<p>Anuncia acompa\u00f1amiento directo a 50 adultos mayores y personas con discapacidad, quienes por sus condiciones de salud no pueden movilizarse hasta las jornadas efectuadas en el sector_<\/p>\n<p>&nbsp;<\/p>\n<p>&nbsp;<\/p>\n<p>*Capotillo, D.N*.\u2013 El director de los Proyectos Estrat\u00e9gicos y Especiales de la Presidencia (Propeep), Robert Polanco, afirm\u00f3 este martes que el Gobierno del presidente Luis Abinader desarrolla en Capotillo una intervenci\u00f3n integral sin precedentes, con el firme prop\u00f3sito de mejorar de manera sostenible la calidad de vida de sus habitantes.<\/p>\n<p>&nbsp;<\/p>\n<p>Durante una jornada de inclusi\u00f3n social \u201cCerca de Ti\u201d, Polanco destac\u00f3 que la acci\u00f3n gubernamental en Capotillo no responde a un evento puntual, sino a un plan coordinado que articula salud, deporte, cultura, seguridad, alimentaci\u00f3n y acompa\u00f1amiento social.<\/p>\n<p>&nbsp;<\/p>\n<p>\u201cCapotillo hoy no recibe promesas pasajeras. Aqu\u00ed estamos ejecutando una pol\u00edtica p\u00fablica que se traduce en oportunidades, bienestar y dignidad para las familias que, durante d\u00e9cadas, fueron olvidadas por autoridades pasadas\u201d, manifest\u00f3 el funcionario.<\/p>\n<p>&nbsp;<\/p>\n<p>*Cultura, deporte y vivienda al servicio de la transformaci\u00f3n social*<\/p>\n<p>&nbsp;<\/p>\n<p>El titular de Propeep resalt\u00f3 que en los \u00faltimos meses se han puesto en marcha acciones concretas que renuevan la imagen del barrio y fortalecen el tejido social, como la creaci\u00f3n de murales de arte urbano a trav\u00e9s del programa \u201cEl Paseo de los Colores\u201d, el remozamiento de viviendas deterioradas y la entrega de \u00fatiles deportivos, entre otras acciones sociales, para incentivar la sana recreaci\u00f3n y alejar a los j\u00f3venes de la violencia<\/p>\n<p>&nbsp;<\/p>\n<p>\u201cEstamos convencidos de que un barrio con cultura, arte, deporte y espacios dignos es un barrio con m\u00e1s futuro y menos violencia\u201d, subray\u00f3 Polanco.<\/p>\n<p>&nbsp;<\/p>\n<p>*Acompa\u00f1amiento a adultos mayores y personas con discapacidad*<\/p>\n<p>&nbsp;<\/p>\n<p>El funcionario anunci\u00f3 adem\u00e1s la puesta en marcha de un programa de acompa\u00f1amiento directo a 50 adultos mayores y personas con discapacidad, quienes por sus condiciones de salud no pueden movilizarse hasta las jornadas comunitarias realizadas en el sector.<\/p>\n<p>&nbsp;<\/p>\n<p>A trav\u00e9s de esta iniciativa se les entregar\u00e1n raciones alimenticias, art\u00edculos b\u00e1sicos y asistencia social permanente, garantizando que la inclusi\u00f3n llegue hasta la puerta de cada hogar.<\/p>\n<p>&nbsp;<\/p>\n<p>*Capotillo como referente nacional*<\/p>\n<p>&nbsp;<\/p>\n<p>Robert Polanco record\u00f3 que Capotillo fue, por muchos a\u00f1os, sin\u00f3nimo de marginaci\u00f3n y abandono estatal. Sin embargo, bajo la gesti\u00f3n del presidente Abinader, se ha dise\u00f1ado un plan de desarrollo integral que busca convertir este emblem\u00e1tico sector en un referente de tranquilidad, seguridad y oportunidades.<\/p>\n<p>&nbsp;<\/p>\n<p>\u201cEl que quiera el apoyo de Capotillo debe trabajar los 365 d\u00edas del a\u00f1o. El presidente Luis Abinader nos ha instruido a mantenernos cerca de la gente, trayendo soluciones permanentes y llevando dignidad a cada familia\u201d, enfatiz\u00f3.<\/p>\n<p>&nbsp;<\/p>\n<p>*Participaci\u00f3n comunitaria y respaldo local*<\/p>\n<p>&nbsp;<\/p>\n<p>La jornada Cerca de Ti, realizada en la calle El Sol, cont\u00f3 con la activa participaci\u00f3n de Ginamari Cepeda, presidenta de la Junta de Vecinos; Daniel Ferrera, en representaci\u00f3n de la Uni\u00f3n de Juntas de Vecinos; Gidette Tabar, directora del Proyecto La 42, entre otros dirigentes comunitarios, quienes valoraron el esfuerzo del Gobierno y el compromiso mostrado por Propeep.<\/p>\n<p><img loading=\"lazy\" decoding=\"async\" class=\"alignnone size-medium wp-image-3962\" src=\"https:\/\/periodicolarepublica.com\/wp-content\/uploads\/2025\/08\/IMG-20250826-WA0065-e1756259276213-300x246.jpg\" alt=\"\" width=\"300\" height=\"246\" srcset=\"https:\/\/periodicolarepublica.com\/wp-content\/uploads\/2025\/08\/IMG-20250826-WA0065-e1756259276213-300x246.jpg 300w, https:\/\/periodicolarepublica.com\/wp-content\/uploads\/2025\/08\/IMG-20250826-WA0065-e1756259276213-150x123.jpg 150w, https:\/\/periodicolarepublica.com\/wp-content\/uploads\/2025\/08\/IMG-20250826-WA0065-e1756259276213.jpg 487w\" sizes=\"auto, (max-width: 300px) 100vw, 300px\" \/><\/p>\n<p>&nbsp;<\/p>\n<p>*Direcci\u00f3n de Comunicaciones Propeep*<\/p>\n<p>26 de Agosto 2025<\/p>\n","protected":false},"excerpt":{"rendered":"<p>Anuncia acompa\u00f1amiento directo a 50 adultos mayores y personas con discapacidad, quienes por sus condiciones de salud no pueden movilizarse hasta las jornadas efectuadas en el sector_ &nbsp; &nbsp; *Capotillo, D.N*.\u2013 El director de los Proyectos Estrat\u00e9gicos y Especiales de la Presidencia (Propeep), Robert Polanco, afirm\u00f3 este martes que el Gobierno del presidente Luis Abinader [&hellip;]<\/p>\n","protected":false},"author":6,"featured_media":3962,"comment_status":"open","ping_status":"open","sticky":false,"template":"","format":"standard","meta":{"om_disable_all_campaigns":false,"_monsterinsights_skip_tracking":false,"_monsterinsights_sitenote_active":false,"_monsterinsights_sitenote_note":"","_monsterinsights_sitenote_category":0,"footnotes":""},"categories":[1],"tags":[],"class_list":{"0":"post-3961","1":"post","2":"type-post","3":"status-publish","4":"format-standard","5":"has-post-thumbnail","7":"category-nacionales"},"aioseo_notices":[],"_links":{"self":[{"href":"https:\/\/periodicolarepublica.com\/index.php\/wp-json\/wp\/v2\/posts\/3961","targetHints":{"allow":["GET"]}}],"collection":[{"href":"https:\/\/periodicolarepublica.com\/index.php\/wp-json\/wp\/v2\/posts"}],"about":[{"href":"https:\/\/periodicolarepublica.com\/index.php\/wp-json\/wp\/v2\/types\/post"}],"author":[{"embeddable":true,"href":"https:\/\/periodicolarepublica.com\/index.php\/wp-json\/wp\/v2\/users\/6"}],"replies":[{"embeddable":true,"href":"https:\/\/periodicolarepublica.com\/index.php\/wp-json\/wp\/v2\/comments?post=3961"}],"version-history":[{"count":2,"href":"https:\/\/periodicolarepublica.com\/index.php\/wp-json\/wp\/v2\/posts\/3961\/revisions"}],"predecessor-version":[{"id":3966,"href":"https:\/\/periodicolarepublica.com\/index.php\/wp-json\/wp\/v2\/posts\/3961\/revisions\/3966"}],"wp:featuredmedia":[{"embeddable":true,"href":"https:\/\/periodicolarepublica.com\/index.php\/wp-json\/wp\/v2\/media\/3962"}],"wp:attachment":[{"href":"https:\/\/periodicolarepublica.com\/index.php\/wp-json\/wp\/v2\/media?parent=3961"}],"wp:term":[{"taxonomy":"category","embeddable":true,"href":"https:\/\/periodicolarepublica.com\/index.php\/wp-json\/wp\/v2\/categories?post=3961"},{"taxonomy":"post_tag","embeddable":true,"href":"https:\/\/periodicolarepublica.com\/index.php\/wp-json\/wp\/v2\/tags?post=3961"}],"curies":[{"name":"wp","href":"https:\/\/api.w.org\/{rel}","templated":true}]}}