{"id":3968,"date":"2025-08-28T08:12:23","date_gmt":"2025-08-28T06:12:23","guid":{"rendered":"https:\/\/periodicolarepublica.com\/?p=3968"},"modified":"2025-08-28T08:12:23","modified_gmt":"2025-08-28T06:12:23","slug":"raquel-pena-llega-al-inabie-para-verificar-avance-en-entrega-de-utiles-escolares","status":"publish","type":"post","link":"https:\/\/periodicolarepublica.com\/index.php\/2025\/08\/28\/raquel-pena-llega-al-inabie-para-verificar-avance-en-entrega-de-utiles-escolares\/","title":{"rendered":"Raquel Pe\u00f1a llega al Inabie para verificar avance en entrega de \u00fatiles escolares"},"content":{"rendered":"<p>Resalt\u00f3 que el Gobierno alcanzar\u00e1 el 100% de cobertura estudiantil en 20 d\u00edas._<\/p>\n<p>San Crist\u00f3bal, RD. &#8211; La vicepresidenta de la Rep\u00fablica, Raquel Pe\u00f1a, supervis\u00f3 este mi\u00e9rcoles algunos de los almacenes del Instituto Nacional de Bienestar Estudiantil (Inabie), con el objetivo de verificar la log\u00edstica de distribuci\u00f3n de los kits escolares con los que se completar\u00e1 el 100% de cobertura a la poblaci\u00f3n estudiantil.<\/p>\n<p>&nbsp;<\/p>\n<p>Raquel Pe\u00f1a realiz\u00f3 la parada en las instalaciones del Inabie mientras regresaba a Santo Domingo tras agotar una agenda de trabajo que incluy\u00f3 la apertura de la Expo Mayoristas 2025, un encuentro con estudiantes y la entrega de cuatro obras deportivas, de salud y comunicaci\u00f3n vial en las provincias S\u00e1nchez Ram\u00edrez y Duarte.<\/p>\n<p>&nbsp;<\/p>\n<p>Durante el recorrido, la vicepresidenta verific\u00f3 la fase log\u00edstica de recepci\u00f3n, armado y distribuci\u00f3n de los kits y afirm\u00f3 que el trabajo arduo que se est\u00e1 realizando es para que a las ni\u00f1as, ni\u00f1os y j\u00f3venes no les falte nada y puedan iniciar su a\u00f1o escolar.<\/p>\n<p>&nbsp;<\/p>\n<p>\u201cDesde que llegu\u00e9 aqu\u00ed, lo que yo percibo, a las 11:30 de la noche, es una sonrisa de todos ustedes y eso yo no tengo como agradec\u00e9rselo y tampoco nuestro presidente Luis Abinader\u201d, dijo Pe\u00f1a a los colaboradores del Inabie.<\/p>\n<p>&nbsp;<\/p>\n<p>La tambi\u00e9n presidenta del Gabinete de Educaci\u00f3n adelant\u00f3, adem\u00e1s, que el gobierno implementar\u00e1 una planificaci\u00f3n m\u00e1s rigurosa para el pr\u00f3ximo a\u00f1o lectivo.<\/p>\n<p>&nbsp;<\/p>\n<p>En tanto, el director ejecutivo del Inabie, Rafael Adolfo P\u00e9rez de Le\u00f3n, dijo que se han agilizando los despachos de la utiler\u00eda escolar a los centros educativos a nivel nacional.<\/p>\n<p>&nbsp;<\/p>\n<p>\u201cComo parte del pla de acci\u00f3n hemos establecido jornadas extraordinarias de trabajo, hasta completar el despacho total, en el menor tiempo posible\u201d, dijo P\u00e9rez de Le\u00f3n.<\/p>\n<p>&nbsp;<\/p>\n<p>*Sobre los kits*<\/p>\n<p>&nbsp;<\/p>\n<p>Los combos de art\u00edculos escolares y uniformes est\u00e1n clasificados por nivel: inicial, b\u00e1sica y secundaria.<\/p>\n<p>&nbsp;<\/p>\n<p>Los estudiantes de los primeros grados reciben una mochila equipada con un cuaderno de dibujo, l\u00e1pices de colores, sacapuntas y l\u00e1piz, adem\u00e1s de un polo shirt, pantal\u00f3n, un par de medias y zapatos.<\/p>\n<p>&nbsp;<\/p>\n<p>En tanto, los alumnos de nivel b\u00e1sico y secundario reciben una mochila con tres cuadernos con l\u00edneas, l\u00e1pices de colores, sacapuntas, l\u00e1piz, goma de borrar, cartabones y regla, junto a su uniforme compuesto por polo shirt, pantal\u00f3n, medias y zapatos.<\/p>\n<p>Hasta la fecha se han distribuido m\u00e1s del 63% de los kits escolares, sin embargo el ritmo de entrega va creciendo en un 1% diario y a partir del viernes se instalar\u00e1n nuevos equipos de trabajo para duplicar el porcentaje y finalizar las entregas en 20 d\u00edas.<\/p>\n<p><img loading=\"lazy\" decoding=\"async\" class=\"alignnone size-medium wp-image-3969\" src=\"https:\/\/periodicolarepublica.com\/wp-content\/uploads\/2025\/08\/IMG-20250828-WA0002-scaled-e1756361483970-300x268.jpg\" alt=\"\" width=\"300\" height=\"268\" srcset=\"https:\/\/periodicolarepublica.com\/wp-content\/uploads\/2025\/08\/IMG-20250828-WA0002-scaled-e1756361483970-300x268.jpg 300w, https:\/\/periodicolarepublica.com\/wp-content\/uploads\/2025\/08\/IMG-20250828-WA0002-scaled-e1756361483970-768x685.jpg 768w, https:\/\/periodicolarepublica.com\/wp-content\/uploads\/2025\/08\/IMG-20250828-WA0002-scaled-e1756361483970-150x134.jpg 150w, https:\/\/periodicolarepublica.com\/wp-content\/uploads\/2025\/08\/IMG-20250828-WA0002-scaled-e1756361483970-600x535.jpg 600w, https:\/\/periodicolarepublica.com\/wp-content\/uploads\/2025\/08\/IMG-20250828-WA0002-scaled-e1756361483970-696x621.jpg 696w, https:\/\/periodicolarepublica.com\/wp-content\/uploads\/2025\/08\/IMG-20250828-WA0002-scaled-e1756361483970.jpg 966w\" sizes=\"auto, (max-width: 300px) 100vw, 300px\" \/><\/p>\n","protected":false},"excerpt":{"rendered":"<p>Resalt\u00f3 que el Gobierno alcanzar\u00e1 el 100% de cobertura estudiantil en 20 d\u00edas._ San Crist\u00f3bal, RD. &#8211; La vicepresidenta de la Rep\u00fablica, Raquel Pe\u00f1a, supervis\u00f3 este mi\u00e9rcoles algunos de los almacenes del Instituto Nacional de Bienestar Estudiantil (Inabie), con el objetivo de verificar la log\u00edstica de distribuci\u00f3n de los kits escolares con los que se [&hellip;]<\/p>\n","protected":false},"author":6,"featured_media":3969,"comment_status":"open","ping_status":"open","sticky":false,"template":"","format":"standard","meta":{"om_disable_all_campaigns":false,"_monsterinsights_skip_tracking":false,"_monsterinsights_sitenote_active":false,"_monsterinsights_sitenote_note":"","_monsterinsights_sitenote_category":0,"footnotes":""},"categories":[1],"tags":[144],"class_list":{"0":"post-3968","1":"post","2":"type-post","3":"status-publish","4":"format-standard","5":"has-post-thumbnail","7":"category-nacionales","8":"tag-raquel-pena"},"aioseo_notices":[],"_links":{"self":[{"href":"https:\/\/periodicolarepublica.com\/index.php\/wp-json\/wp\/v2\/posts\/3968","targetHints":{"allow":["GET"]}}],"collection":[{"href":"https:\/\/periodicolarepublica.com\/index.php\/wp-json\/wp\/v2\/posts"}],"about":[{"href":"https:\/\/periodicolarepublica.com\/index.php\/wp-json\/wp\/v2\/types\/post"}],"author":[{"embeddable":true,"href":"https:\/\/periodicolarepublica.com\/index.php\/wp-json\/wp\/v2\/users\/6"}],"replies":[{"embeddable":true,"href":"https:\/\/periodicolarepublica.com\/index.php\/wp-json\/wp\/v2\/comments?post=3968"}],"version-history":[{"count":1,"href":"https:\/\/periodicolarepublica.com\/index.php\/wp-json\/wp\/v2\/posts\/3968\/revisions"}],"predecessor-version":[{"id":3970,"href":"https:\/\/periodicolarepublica.com\/index.php\/wp-json\/wp\/v2\/posts\/3968\/revisions\/3970"}],"wp:featuredmedia":[{"embeddable":true,"href":"https:\/\/periodicolarepublica.com\/index.php\/wp-json\/wp\/v2\/media\/3969"}],"wp:attachment":[{"href":"https:\/\/periodicolarepublica.com\/index.php\/wp-json\/wp\/v2\/media?parent=3968"}],"wp:term":[{"taxonomy":"category","embeddable":true,"href":"https:\/\/periodicolarepublica.com\/index.php\/wp-json\/wp\/v2\/categories?post=3968"},{"taxonomy":"post_tag","embeddable":true,"href":"https:\/\/periodicolarepublica.com\/index.php\/wp-json\/wp\/v2\/tags?post=3968"}],"curies":[{"name":"wp","href":"https:\/\/api.w.org\/{rel}","templated":true}]}}